{"id":1624,"date":"2021-05-17T21:56:53","date_gmt":"2021-05-17T21:56:53","guid":{"rendered":"http:\/\/lavereda.com.mx\/?p=1624"},"modified":"2021-05-17T22:37:53","modified_gmt":"2021-05-17T22:37:53","slug":"piden-perdon-a-la-comunidad-china-e-inauguran-memorial","status":"publish","type":"post","link":"https:\/\/lavereda.com.mx\/index.php\/2021\/05\/17\/piden-perdon-a-la-comunidad-china-e-inauguran-memorial\/","title":{"rendered":"Piden perd\u00f3n a la comunidad china e inauguran memorial"},"content":{"rendered":"\n<p>La madrugada del 15 de mayo de 1911 perdieron la vida en un acto de barbarie y de xenofobia 303 chinos en Torre\u00f3n. Era la toma de la ciudad a manos de los maderistas. Se trata de uno de los hechos violentos de la lucha armada y de la historia de la discriminaci\u00f3n \u00e9tnica, m\u00e1s sobresalientes en nuestro pa\u00eds.<\/p>\n\n\n\n<p>Como un hecho sin precedentes, el gobierno de la rep\u00fablica realiz\u00f3 hoy la ceremonia de petici\u00f3n de perd\u00f3n a la comunidad china por los agravios cometidos en su contra hace 110 a\u00f1os, con la presencia del presidente Andr\u00e9s Manuel L\u00f3pez Obrador, el gobernador de Coahuila Miguel Riquelme, autoridades de los tres \u00f3rdenes de gobierno y representantes de la comunidad china.<\/p>\n\n\n\n<p>En el escenario del Bosque Venustiano Carranza, uno de los espacios donde se ubic\u00f3 el Pajonal, lugar dedicado a la siembra de hortalizas por los ciudadanos chinos en Torre\u00f3n;&nbsp;el presidente L\u00f3pez Obrador se\u00f1al\u00f3 que los fundadores de esta ciudd fueron gente lucha en el m\u00e1s amplio sentido de la palabra, merecedores del lema \u201cEl trabajo lo vence todo\u201d.<\/p>\n\n\n\n<p>Mencion\u00f3 que dentro de la marcada polarizaci\u00f3n \u201cclasista y racista\u201d que se viv\u00eda en la regi\u00f3n en 1911, tuvo lugar el llamado \u201cpeque\u00f1o exterminio\u201d, que caus\u00f3 la muerte a 303 chino-mexicanos de Torre\u00f3n, en los aciagos d\u00edas del 13, 14 y 15 de mayo.<\/p>\n\n\n\n<p>El Presidente cit\u00f3 el libro \u201cLa Casa del Dolor Ajeno\u201d, del escritor coahuilense Juli\u00e1n Herbert, como el testimonio con m\u00e1s rigor hist\u00f3rico y literario sobre las causas y c\u00f3mo sucedieron estos lamentables hechos.<\/p>\n\n\n\n<blockquote class=\"wp-block-quote is-layout-flow wp-block-quote-is-layout-flow\"><p>\u201cConsidero que este acto en el que el Estado Mexicano pide perd\u00f3n a los familiares de las v\u00edctimas de la represi\u00f3n autoritaria cometida por movimientos, organizaciones y gobiernos de nuestro pa\u00eds, no s\u00f3lo nos obliga a asumir nuestra responsabilidad y culpa, sino tambi\u00e9n a aceptar el compromiso con el pueblo y la Rep\u00fablica Popular China de que el Estado Mexicano permitir\u00e1 nunca m\u00e1s el racismo, la discriminaci\u00f3n y la xenofobia\u201d, se\u00f1al\u00f3 L\u00f3pez Obrador.<\/p><\/blockquote>\n\n\n\n<p>Por su parte el gobernador Miguel Riquelme se\u00f1al\u00f3:&nbsp;\u201cAqu\u00ed en Coahuila siempre tendr\u00e1n patente nuestra amistad, nuestra alianza, y un gran n\u00famero de admiradores de su extraordinaria cultura y naci\u00f3n\u201d.<\/p>\n\n\n\n<figure class=\"wp-block-image size-large\"><img fetchpriority=\"high\" decoding=\"async\" width=\"1024\" height=\"683\" src=\"https:\/\/lavereda.com.mx\/wp-content\/uploads\/2021\/05\/WhatsApp-Image-2021-05-17-at-16.47.29.jpeg\" alt=\"\" class=\"wp-image-1626\" srcset=\"https:\/\/lavereda.com.mx\/wp-content\/uploads\/2021\/05\/WhatsApp-Image-2021-05-17-at-16.47.29.jpeg 1024w, https:\/\/lavereda.com.mx\/wp-content\/uploads\/2021\/05\/WhatsApp-Image-2021-05-17-at-16.47.29-300x200.jpeg 300w, https:\/\/lavereda.com.mx\/wp-content\/uploads\/2021\/05\/WhatsApp-Image-2021-05-17-at-16.47.29-768x512.jpeg 768w\" sizes=\"(max-width: 1024px) 100vw, 1024px\" \/><\/figure>\n\n\n\n<p><strong>MEMORIAL EN EL MUSEO AROCENA<\/strong><\/p>\n\n\n\n<p>El d\u00eda dedicado a estrechar los lazos con la comunidad china, no termin\u00f3 ah\u00ed. A medio d\u00eda se dieron cita en el Museo Arocena autoridades federales, estatales y municipales de la cultura, para inaugurar el&nbsp;<em>Memorial. La matanza de chinos en Torre\u00f3n (1911)<\/em>.<\/p>\n\n\n\n<blockquote class=\"wp-block-quote is-layout-flow wp-block-quote-is-layout-flow\"><p>La secretaria de cultura federal, Alejandra Frausto se\u00f1al\u00f3 que \u201cas\u00ed como la medicina tradicional mexicana y china son para sanar, la palabra perd\u00f3n y las acciones de recibimiento de los errores pueden sanar un dolor que se vuelve cr\u00f3nico. Reconocer la diversidad, dijo, es la mayor riqueza que tiene la humanidad\u201d.<\/p><\/blockquote>\n\n\n\n<p>Tambi\u00e9n expres\u00f3 \u201cesta es una tierra f\u00e9rtil, aqu\u00ed se puede tejer una nueva realidad. A partir de ahora podemos hablar de un parteaguas para generar una sociedad m\u00e1s fraterna\u201d.<\/p>\n\n\n\n<p>El memorial inaugurado hoy en el Museo, es&nbsp;un espacio de reflexi\u00f3n acerca de las circunstancias hist\u00f3ricas que impulsaron la xenofobia hacia esta comunidad migrante en M\u00e9xico, a principios de siglo XX.<\/p>\n\n\n\n<p>Se trata de una sala con elementos ic\u00f3nicos de la cultura china, m\u00fasica, fotograf\u00edas y los nombres de los 303 chinos asesinados en 1911. Esta muestra fue inaugurada en 2015 en el Museo de la Memoria y la Tolerancia de la Ciudad de M\u00e9xico, con investigaci\u00f3n aportada por el Archivo Municipal de Torre\u00f3n. Las fotograf\u00edas pertenecen al fondo H. Miller del Archivo.<\/p>\n\n\n\n<p>La entrada al memorial, ubicado en el edificio que perteneci\u00f3 al antiguo Banco Chino, inicia con la exhibici\u00f3n del \u00c1rbol de la Vida, una pieza que realiz\u00f3 el gobierno de M\u00e9xico como simbolismo de fraternidad hacia la comunidad china, que integra elementos simb\u00f3licos de ambas culturas.<\/p>\n\n\n\n<p>&nbsp;La ceremonia de inauguraci\u00f3n, que se transmiti\u00f3 en l\u00ednea, cont\u00f3 con la participaci\u00f3n de la secretaria de Cultura federal, Alejandra Frausto Guerrero; el embajador de la Rep\u00fablica Popular China en M\u00e9xico, Zhu Qingqiao; el coordinador de Memoria Hist\u00f3rica y Cultural de M\u00e9xico, Eduardo Villegas Meg\u00edas; la secretaria de Cultura del estado de Coahuila, Ana Sof\u00eda Garc\u00eda Camil; el presidente municipal de Torre\u00f3n, Sergio Lara Galv\u00e1n, as\u00ed como Fabiola Favila Gallegos, directora del Museo Arocena, entre otros asistentes.<\/p>\n\n\n\n<p>Por la tarde y noche se realiza la develaci\u00f3n de una placa conmemorativa en el antiguo Banco Chino y una ceremonia con la danza del drag\u00f3n chino.<\/p>\n\n\n\n<figure class=\"wp-block-image size-large\"><img decoding=\"async\" width=\"1000\" height=\"750\" src=\"https:\/\/lavereda.com.mx\/wp-content\/uploads\/2021\/05\/IMG_8295.jpg\" alt=\"\" class=\"wp-image-1627\" srcset=\"https:\/\/lavereda.com.mx\/wp-content\/uploads\/2021\/05\/IMG_8295.jpg 1000w, https:\/\/lavereda.com.mx\/wp-content\/uploads\/2021\/05\/IMG_8295-300x225.jpg 300w, https:\/\/lavereda.com.mx\/wp-content\/uploads\/2021\/05\/IMG_8295-768x576.jpg 768w\" sizes=\"(max-width: 1000px) 100vw, 1000px\" \/><\/figure>\n","protected":false},"excerpt":{"rendered":"<p>La madrugada del 15 de mayo de 1911 perdieron la vida en un acto de barbarie y de xenofobia 303 chinos en Torre\u00f3n. Era la toma de la ciudad a &hellip; <a href=\"https:\/\/lavereda.com.mx\/index.php\/2021\/05\/17\/piden-perdon-a-la-comunidad-china-e-inauguran-memorial\/\" class=\"more-link\">Leer m\u00e1s<\/a><\/p>\n","protected":false},"author":9,"featured_media":1625,"comment_status":"open","ping_status":"open","sticky":false,"template":"","format":"standard","meta":{"footnotes":""},"categories":[18,8],"tags":[],"class_list":["post-1624","post","type-post","status-publish","format-standard","has-post-thumbnail","hentry","category-lomasrelevante","category-sociedad","entry"],"_links":{"self":[{"href":"https:\/\/lavereda.com.mx\/index.php\/wp-json\/wp\/v2\/posts\/1624","targetHints":{"allow":["GET"]}}],"collection":[{"href":"https:\/\/lavereda.com.mx\/index.php\/wp-json\/wp\/v2\/posts"}],"about":[{"href":"https:\/\/lavereda.com.mx\/index.php\/wp-json\/wp\/v2\/types\/post"}],"author":[{"embeddable":true,"href":"https:\/\/lavereda.com.mx\/index.php\/wp-json\/wp\/v2\/users\/9"}],"replies":[{"embeddable":true,"href":"https:\/\/lavereda.com.mx\/index.php\/wp-json\/wp\/v2\/comments?post=1624"}],"version-history":[{"count":2,"href":"https:\/\/lavereda.com.mx\/index.php\/wp-json\/wp\/v2\/posts\/1624\/revisions"}],"predecessor-version":[{"id":1629,"href":"https:\/\/lavereda.com.mx\/index.php\/wp-json\/wp\/v2\/posts\/1624\/revisions\/1629"}],"wp:featuredmedia":[{"embeddable":true,"href":"https:\/\/lavereda.com.mx\/index.php\/wp-json\/wp\/v2\/media\/1625"}],"wp:attachment":[{"href":"https:\/\/lavereda.com.mx\/index.php\/wp-json\/wp\/v2\/media?parent=1624"}],"wp:term":[{"taxonomy":"category","embeddable":true,"href":"https:\/\/lavereda.com.mx\/index.php\/wp-json\/wp\/v2\/categories?post=1624"},{"taxonomy":"post_tag","embeddable":true,"href":"https:\/\/lavereda.com.mx\/index.php\/wp-json\/wp\/v2\/tags?post=1624"}],"curies":[{"name":"wp","href":"https:\/\/api.w.org\/{rel}","templated":true}]}}