{"id":1611,"date":"2021-05-13T14:39:17","date_gmt":"2021-05-13T14:39:17","guid":{"rendered":"http:\/\/lavereda.com.mx\/?p=1611"},"modified":"2021-05-13T14:40:17","modified_gmt":"2021-05-13T14:40:17","slug":"gilberto-prado-presenta-en-torreon-nuevo-libro-sobre-borges","status":"publish","type":"post","link":"https:\/\/lavereda.com.mx\/index.php\/2021\/05\/13\/gilberto-prado-presenta-en-torreon-nuevo-libro-sobre-borges\/","title":{"rendered":"Gilberto Prado presenta en Torre\u00f3n nuevo libro sobre Borges"},"content":{"rendered":"\n<p>Borges ha sido un escritor estudiado y admirado por muchos autores, por supuesto ha sido materia de escritura del reconocido ensayista lagunero Gilbero Prado Gal\u00e1n, quien recientemente public\u00f3&nbsp;<em>El ancla y el mar<\/em>&nbsp;(para leer El Aleph).<\/p>\n\n\n\n<p>Este martes 25 de mayo a las 7:00 pm en vivo por Facebook , del Teatro Isauro Mart\u00ednez se trasmitir\u00e1 la presentaci\u00f3n de este libro, los cometarios estar\u00e1n a cargo de H\u00e9ctor Matuk N\u00fa\u00f1ez y Cesar Alejandro Quiroz.<\/p>\n\n\n\n<p>De acuerdo con Jaime Mu\u00f1oz Vargas, \u201cBorges es desde hace d\u00e9cadas, sin duda, el escritor latinoamericano m\u00e1s atractivo para la cr\u00edtica, y a diferencia de otros creadores sepultados o casi sepultados por el olvido, su obra sigue convocando asedios cuya onda expansiva no acata bordes\u201d.&nbsp;<\/p>\n\n\n\n<blockquote class=\"wp-block-quote is-layout-flow wp-block-quote-is-layout-flow\"><p>\u201cEscritores, ling\u00fcistas, historiadores, cient\u00edficos, matem\u00e1ticos, antrop\u00f3logos, profesionales y no profesionales de las m\u00e1s diversas disciplinas han encontrado en las hermosas y eruditas p\u00e1ginas del argentino un oc\u00e9ano de significados y referencias cruzadas, precisamente un laberinto al que resulta muy dif\u00edcil no ingresar\u201d.\u00a0<\/p><\/blockquote>\n\n\n\n<p>Jaime abund\u00f3 que: \u201cel im\u00e1n borgeano es, pues, poderoso, y uno de los lectores mexicanos que con muy buena disposici\u00f3n ha cedido a la tentaci\u00f3n de indagarlo es Gilberto Prado Gal\u00e1n (Torre\u00f3n, Coahuila, 1960), quien hacia 1999, en el centenario del maestro, public\u00f3 El a\u00f1o de Borges, y ahora, en el aniversario setenta de la primera edici\u00f3n de El Aleph, propone El ancla y el mar. En ambos casos, nuestro ensayista ha explorado con agudeza los cuentos de Borges, esos microcosmos en los que parecen converger todas las realidades posibles. Imagino que, guiado por las observaciones y la espl\u00e9ndida prosa de Prado Gal\u00e1n, el lector de El ancla y el mar desear\u00e1n volver a los relatos de Borges, del infinito Borges\u201d.&nbsp;<\/p>\n\n\n\n<p><strong>EL AUTOR<\/strong><\/p>\n\n\n\n<p>Gilberto Prado Gal\u00e1n (Torre\u00f3n, Coahuila, 1960). Es ensayista y poeta, master of arts por la New Mexico State University.<\/p>\n\n\n\n<p>Ha ocupado, entre muchos otros cargos, los de director de la estaci\u00f3n cultural Radio Torre\u00f3n; coordinador del \u00e1rea de literatura del Teatro Isauro Mart\u00ednez; director del departamento de Difusi\u00f3n Cultural de la Universidad Aut\u00f3noma de Coahuila; coordinador del taller literario \u201cLa rueca\u201d (Casa de la Cultura de G\u00f3mez Palacio, Durango); director de la revista iberoamericana Arteletra y acad\u00e9mico del Departamento de Letras de la UIA, Ciudad de M\u00e9xico.<\/p>\n\n\n\n<p>Colaborador de diversos peri\u00f3dicos, revistas y suplementos culturales nacionales e internacionales, es autor de 9000 pal\u00edndromos. Becario del FONCA en 1992 y miembro del SNCA a partir de 2004, obtuvo el Premio Nacional Luis Cardoza y Arag\u00f3n para Cr\u00edtica de Artes Pl\u00e1sticas 1988; el Premio Internacional de Ensayo Literario Malcolm Lowry 1989; el Premio Internacional Garcilaso el Inca de la Vega 1990 y el Premio Anual de Ensayo Literario Hispanoamericano Lya Kostakowsky 1993.<\/p>\n\n\n\n<p>Actualmente es director de Difusi\u00f3n Cultural de la UIA Santa Fe y profesor de modelos literarios espa\u00f1oles (siglo XX) en el departamento de letras.<\/p>\n","protected":false},"excerpt":{"rendered":"<p>Borges ha sido un escritor estudiado y admirado por muchos autores, por supuesto ha sido materia de escritura del reconocido ensayista lagunero Gilbero Prado Gal\u00e1n, quien recientemente public\u00f3&nbsp;El ancla y &hellip; <a href=\"https:\/\/lavereda.com.mx\/index.php\/2021\/05\/13\/gilberto-prado-presenta-en-torreon-nuevo-libro-sobre-borges\/\" class=\"more-link\">Leer m\u00e1s<\/a><\/p>\n","protected":false},"author":9,"featured_media":1612,"comment_status":"open","ping_status":"open","sticky":false,"template":"","format":"standard","meta":{"footnotes":""},"categories":[5,18],"tags":[],"class_list":["post-1611","post","type-post","status-publish","format-standard","has-post-thumbnail","hentry","category-letras-y-libros","category-lomasrelevante","entry"],"_links":{"self":[{"href":"https:\/\/lavereda.com.mx\/index.php\/wp-json\/wp\/v2\/posts\/1611","targetHints":{"allow":["GET"]}}],"collection":[{"href":"https:\/\/lavereda.com.mx\/index.php\/wp-json\/wp\/v2\/posts"}],"about":[{"href":"https:\/\/lavereda.com.mx\/index.php\/wp-json\/wp\/v2\/types\/post"}],"author":[{"embeddable":true,"href":"https:\/\/lavereda.com.mx\/index.php\/wp-json\/wp\/v2\/users\/9"}],"replies":[{"embeddable":true,"href":"https:\/\/lavereda.com.mx\/index.php\/wp-json\/wp\/v2\/comments?post=1611"}],"version-history":[{"count":2,"href":"https:\/\/lavereda.com.mx\/index.php\/wp-json\/wp\/v2\/posts\/1611\/revisions"}],"predecessor-version":[{"id":1614,"href":"https:\/\/lavereda.com.mx\/index.php\/wp-json\/wp\/v2\/posts\/1611\/revisions\/1614"}],"wp:featuredmedia":[{"embeddable":true,"href":"https:\/\/lavereda.com.mx\/index.php\/wp-json\/wp\/v2\/media\/1612"}],"wp:attachment":[{"href":"https:\/\/lavereda.com.mx\/index.php\/wp-json\/wp\/v2\/media?parent=1611"}],"wp:term":[{"taxonomy":"category","embeddable":true,"href":"https:\/\/lavereda.com.mx\/index.php\/wp-json\/wp\/v2\/categories?post=1611"},{"taxonomy":"post_tag","embeddable":true,"href":"https:\/\/lavereda.com.mx\/index.php\/wp-json\/wp\/v2\/tags?post=1611"}],"curies":[{"name":"wp","href":"https:\/\/api.w.org\/{rel}","templated":true}]}}