{"id":161,"date":"2020-08-15T02:38:30","date_gmt":"2020-08-15T02:38:30","guid":{"rendered":"https:\/\/web.lavereda.com.mx\/?p=161"},"modified":"2020-08-15T02:40:08","modified_gmt":"2020-08-15T02:40:08","slug":"festin-efimero-y-plan-b-estrenan-puesta-en-escena-digital","status":"publish","type":"post","link":"https:\/\/lavereda.com.mx\/index.php\/2020\/08\/15\/festin-efimero-y-plan-b-estrenan-puesta-en-escena-digital\/","title":{"rendered":"Fest\u00edn ef\u00edmero y Plan B estrenan puesta en escena digital"},"content":{"rendered":"\n<p>Con funciones los pr\u00f3ximos d\u00edas 25, 26 y 27 de junio a las 8:30 de la noche, se presentar\u00e1 por medio de diversas plataformas digitales&nbsp;<em>Torre\u00f3n est\u00e1 lejos o la utop\u00eda ciberesc\u00e9nica de Pitufina,&nbsp;<\/em>una colaboraci\u00f3n entre la compa\u00f1\u00eda de teatro independiente Fest\u00edn Ef\u00edmero, con sede en la Ciudad de M\u00e9xico, y el espacio esc\u00e9nico independiente PLAN B Estudio\/Teatro, con sede en la ciudad de Torre\u00f3n, Coahuila.&nbsp;<\/p>\n\n\n\n<hr class=\"wp-block-separator\" id=\"system-readmore\"\/>\n\n\n\n<p>Se trata de una creaci\u00f3n colectiva a trav\u00e9s de la cual, las y los creadores se preguntan: \u00bfc\u00f3mo ser\u00e1 el mundo en el futuro? \u00bfCu\u00e1ndo se alcanzar\u00e1 la igualdad de g\u00e9nero? \u00bfHasta cu\u00e1ndo seguir\u00e1 activa la pandemia de discriminaci\u00f3n machista que est\u00e1 afectando a las mujeres?&nbsp;<\/p>\n\n\n\n<p>La obra lanza la siguiente reflexi\u00f3n: \u201cAl paso que vamos, faltan 860 a\u00f1os para alcanzar la igualdad de g\u00e9nero\u00bb,&nbsp;<\/p>\n\n\n\n<p>Los organizadores informaron que este es un proyecto beneficiado por la convocatoria&nbsp;<em>Espacios esc\u00e9nicos independientes en resiliencia<\/em>&nbsp;de la Secretar\u00eda de Cultura a trav\u00e9s del Instituto Nacional de Bellas Artes y Literatura, y el Centro Cultural Hel\u00e9nico. Se podr\u00e1 acceder a las presentaciones en l\u00ednea sin costo alguno. Para mayor informaci\u00f3n, se puede consultar el sitio torreonestalejosteatro.com.mx y las redes sociales de Fest\u00edn Ef\u00edmero y Plan B Estudio Teatro.<\/p>\n\n\n\n<p>Plan B Estudio Teatro es un proyecto esc\u00e9nico que dirige Alam Sarmiento y que ha dado cobijo a gran cantidad de compa\u00f1\u00edas en La Laguna, desde hace m\u00e1s de cinco a\u00f1os.<\/p>\n\n\n\n<p>CR\u00c9DITOS:<\/p>\n\n\n\n<p><strong>P\u00e1gina web:<\/strong>&nbsp;torreonestalejosteatro.com.mx<\/p>\n\n\n\n<p><strong>Redes sociales:&nbsp;<\/strong><\/p>\n\n\n\n<p><strong>FB:<\/strong>&nbsp;Fest\u00edn Ef\u00edmero Teatro y Plan B Estudio \u2013 Teatro<\/p>\n\n\n\n<p><strong>Twitter:<\/strong>&nbsp;&nbsp;@FestinEfimero<\/p>\n\n\n\n<p><strong>IG:<\/strong>&nbsp;Fest\u00edn Ef\u00edmero Teatro y Plan B Estudio Teatro<\/p>\n\n\n\n<p><strong>Artistas:<\/strong><\/p>\n\n\n\n<p>Hugo Dena (Torre\u00f3n)&nbsp;<\/p>\n\n\n\n<p>H\u00e9ctor Iv\u00e1n Gonz\u00e1lez (CDMX)&nbsp;<\/p>\n\n\n\n<p>Tania Mar\u00eda Mu\u00f1oz, Pitufina (CDMX)&nbsp;<\/p>\n\n\n\n<p>Guillermo Revilla (CDMX)&nbsp;<\/p>\n\n\n\n<p>Alam Sarmiento (Torre\u00f3n)&nbsp;<\/p>\n\n\n\n<p>Edgar Valadez (CDMX)&nbsp;<\/p>\n\n\n\n<p><strong>Colaborador@s&nbsp;<\/strong><\/p>\n\n\n\n<p>Emilia Reyes (CDMX) &#8211; Asesora en perspectiva de g\u00e9nero<\/p>\n\n\n\n<p>Iv\u00e1n Torres (Torre\u00f3n) &#8211; Dise\u00f1o de p\u00e1gina Web<\/p>\n\n\n\n<p>H\u00e9ctor Iv\u00e1n Gonz\u00e1lez (CDMX) &#8211; Dise\u00f1o gr\u00e1fico y edici\u00f3n de video<\/p>\n","protected":false},"excerpt":{"rendered":"<p>Con funciones los pr\u00f3ximos d\u00edas 25, 26 y 27 de junio a las 8:30 de la noche, se presentar\u00e1 por medio de diversas plataformas digitales Torre\u00f3n est\u00e1 lejos o la utop\u00eda ciberesc\u00e9nica de Pitufina, una colaboraci\u00f3n entre la compa\u00f1\u00eda de teatro independiente Fest\u00edn Ef\u00edmero, con sede en la Ciudad de M\u00e9xico, y el espacio esc\u00e9nico independiente PLAN B Estudio\/Teatro, con sede en la ciudad de Torre\u00f3n, Coahuila. <\/p>\n","protected":false},"author":1,"featured_media":163,"comment_status":"open","ping_status":"open","sticky":false,"template":"","format":"standard","meta":{"footnotes":""},"categories":[2],"tags":[],"class_list":["post-161","post","type-post","status-publish","format-standard","has-post-thumbnail","hentry","category-artes-escenicas","entry"],"_links":{"self":[{"href":"https:\/\/lavereda.com.mx\/index.php\/wp-json\/wp\/v2\/posts\/161","targetHints":{"allow":["GET"]}}],"collection":[{"href":"https:\/\/lavereda.com.mx\/index.php\/wp-json\/wp\/v2\/posts"}],"about":[{"href":"https:\/\/lavereda.com.mx\/index.php\/wp-json\/wp\/v2\/types\/post"}],"author":[{"embeddable":true,"href":"https:\/\/lavereda.com.mx\/index.php\/wp-json\/wp\/v2\/users\/1"}],"replies":[{"embeddable":true,"href":"https:\/\/lavereda.com.mx\/index.php\/wp-json\/wp\/v2\/comments?post=161"}],"version-history":[{"count":1,"href":"https:\/\/lavereda.com.mx\/index.php\/wp-json\/wp\/v2\/posts\/161\/revisions"}],"predecessor-version":[{"id":162,"href":"https:\/\/lavereda.com.mx\/index.php\/wp-json\/wp\/v2\/posts\/161\/revisions\/162"}],"wp:featuredmedia":[{"embeddable":true,"href":"https:\/\/lavereda.com.mx\/index.php\/wp-json\/wp\/v2\/media\/163"}],"wp:attachment":[{"href":"https:\/\/lavereda.com.mx\/index.php\/wp-json\/wp\/v2\/media?parent=161"}],"wp:term":[{"taxonomy":"category","embeddable":true,"href":"https:\/\/lavereda.com.mx\/index.php\/wp-json\/wp\/v2\/categories?post=161"},{"taxonomy":"post_tag","embeddable":true,"href":"https:\/\/lavereda.com.mx\/index.php\/wp-json\/wp\/v2\/tags?post=161"}],"curies":[{"name":"wp","href":"https:\/\/api.w.org\/{rel}","templated":true}]}}