{"id":1607,"date":"2021-05-12T18:23:04","date_gmt":"2021-05-12T18:23:04","guid":{"rendered":"http:\/\/lavereda.com.mx\/?p=1607"},"modified":"2021-05-12T18:23:06","modified_gmt":"2021-05-12T18:23:06","slug":"los-artistas-tomas-ledesma-y-hector-irigoyen-recibiran-homenaje","status":"publish","type":"post","link":"https:\/\/lavereda.com.mx\/index.php\/2021\/05\/12\/los-artistas-tomas-ledesma-y-hector-irigoyen-recibiran-homenaje\/","title":{"rendered":"Los artistas Tom\u00e1s Ledesma y H\u00e9ctor Irigoyen recibir\u00e1n homenaje"},"content":{"rendered":"\n<p>El jueves 13 de mayo, en el marco de la celebraci\u00f3n el D\u00eda del Magisterio, el Departamento de Difusi\u00f3n Cultural de la Universidad Aut\u00f3noma de Coahuila en Torre\u00f3n, har\u00e1 un reconocimiento p\u00fablico a dos de sus maestros que reci\u00e9n se han jubilado, no sin haber dejado un importante legado en sus \u00e1reas de conocimiento art\u00edstico.<\/p>\n\n\n\n<p>Se trata de Tom\u00e1s Ledesma Fuentes y H\u00e9ctor Irigoyen Infante, quienes por m\u00e1s de 30 a\u00f1os fungieron como responsables de los talleres de Dibujo art\u00edstico y Canto, respectivamente.<\/p>\n\n\n\n<p>La titular de la Unidad Torre\u00f3n, Sandra L\u00f3pez Chavarr\u00eda, encabezar\u00e1 este homenaje en la llamada Galer\u00eda de Arte, dentro de las instalaciones de la Coordinaci\u00f3n, en bulevar Revoluci\u00f3n y calle Comonfort, a las 12:00 horas. La ceremonia se transmitir\u00e1 en vivo a trav\u00e9s de la plataforma de Facebook de Difusi\u00f3n Cultural.<\/p>\n\n\n\n<p><strong>Tom\u00e1s Ledesma Fuentes&nbsp;<\/strong><\/p>\n\n\n\n<p>Nace el d\u00eda 4 de septiembre de 1940 en Torre\u00f3n. Estudi\u00f3 pintura en la Escuela de Artes Pl\u00e1sticas de San Carlos de la UNAM, y mont\u00f3 numerosas exposiciones individuales y colectivas. A trav\u00e9s de diversas t\u00e9cnicas y estilos, supo difundir mensajes sociales en torno a la marginaci\u00f3n, la desigualdad y la lucha pol\u00edtica. Adem\u00e1s, de vivir estos temas en carne propia, al participar en el movimiento estudiantil de 1968 mediante la creaci\u00f3n de carteles, los cuales forman parte del libro PROPO ART (1972), editado en Londres. En 1998 obtuvo en Italia el Premio Firenze. Fungi\u00f3 como maestro durante m\u00e1s de cuatro d\u00e9cadas, por lo cual innumerables alumnos son sus disc\u00edpulos.&nbsp;<\/p>\n\n\n\n<p><strong>H\u00e9ctor Irigoyen Infante<\/strong><\/p>\n\n\n\n<p>Egres\u00f3 de la Escuela de M\u00fasica de la Universidad de Guadalajara (UdeG) con la especialidad de canto, disciplina en la que se perfeccion\u00f3 con distinguidos maestros como Carmela Giuliano, titular de la c\u00e1tedra de canto en la Universidad de la Plata en Argentina; Ram\u00f3n Calzadilla, destacado maestro cubano; Irma Gonz\u00e1lez, soprano mexicana, y con el reconocido tenor Pl\u00e1cido Domingo. H\u00e9ctor colabor\u00f3 en diversas instituciones: Universidad de Guadalajara, Universidad de Colima, Casa de la Cultura de Colima, Universidad Iberoamericana de Torre\u00f3n, Academia Superior de Canto de Torre\u00f3n y en la Universidad Aut\u00f3noma de Coahuila.<\/p>\n\n\n\n<figure class=\"wp-block-image size-large\"><img fetchpriority=\"high\" decoding=\"async\" width=\"1000\" height=\"667\" src=\"https:\/\/lavereda.com.mx\/wp-content\/uploads\/2021\/05\/IMG_2259.jpg\" alt=\"\" class=\"wp-image-1609\" srcset=\"https:\/\/lavereda.com.mx\/wp-content\/uploads\/2021\/05\/IMG_2259.jpg 1000w, https:\/\/lavereda.com.mx\/wp-content\/uploads\/2021\/05\/IMG_2259-300x200.jpg 300w, https:\/\/lavereda.com.mx\/wp-content\/uploads\/2021\/05\/IMG_2259-768x512.jpg 768w\" sizes=\"(max-width: 1000px) 100vw, 1000px\" \/><\/figure>\n","protected":false},"excerpt":{"rendered":"<p>El jueves 13 de mayo, en el marco de la celebraci\u00f3n el D\u00eda del Magisterio, el Departamento de Difusi\u00f3n Cultural de la Universidad Aut\u00f3noma de Coahuila en Torre\u00f3n, har\u00e1 un &hellip; <a href=\"https:\/\/lavereda.com.mx\/index.php\/2021\/05\/12\/los-artistas-tomas-ledesma-y-hector-irigoyen-recibiran-homenaje\/\" class=\"more-link\">Leer m\u00e1s<\/a><\/p>\n","protected":false},"author":1,"featured_media":1608,"comment_status":"open","ping_status":"open","sticky":false,"template":"","format":"standard","meta":{"footnotes":""},"categories":[3],"tags":[],"class_list":["post-1607","post","type-post","status-publish","format-standard","has-post-thumbnail","hentry","category-artes-visuales","entry"],"_links":{"self":[{"href":"https:\/\/lavereda.com.mx\/index.php\/wp-json\/wp\/v2\/posts\/1607","targetHints":{"allow":["GET"]}}],"collection":[{"href":"https:\/\/lavereda.com.mx\/index.php\/wp-json\/wp\/v2\/posts"}],"about":[{"href":"https:\/\/lavereda.com.mx\/index.php\/wp-json\/wp\/v2\/types\/post"}],"author":[{"embeddable":true,"href":"https:\/\/lavereda.com.mx\/index.php\/wp-json\/wp\/v2\/users\/1"}],"replies":[{"embeddable":true,"href":"https:\/\/lavereda.com.mx\/index.php\/wp-json\/wp\/v2\/comments?post=1607"}],"version-history":[{"count":1,"href":"https:\/\/lavereda.com.mx\/index.php\/wp-json\/wp\/v2\/posts\/1607\/revisions"}],"predecessor-version":[{"id":1610,"href":"https:\/\/lavereda.com.mx\/index.php\/wp-json\/wp\/v2\/posts\/1607\/revisions\/1610"}],"wp:featuredmedia":[{"embeddable":true,"href":"https:\/\/lavereda.com.mx\/index.php\/wp-json\/wp\/v2\/media\/1608"}],"wp:attachment":[{"href":"https:\/\/lavereda.com.mx\/index.php\/wp-json\/wp\/v2\/media?parent=1607"}],"wp:term":[{"taxonomy":"category","embeddable":true,"href":"https:\/\/lavereda.com.mx\/index.php\/wp-json\/wp\/v2\/categories?post=1607"},{"taxonomy":"post_tag","embeddable":true,"href":"https:\/\/lavereda.com.mx\/index.php\/wp-json\/wp\/v2\/tags?post=1607"}],"curies":[{"name":"wp","href":"https:\/\/api.w.org\/{rel}","templated":true}]}}