{"id":1602,"date":"2021-05-11T16:05:04","date_gmt":"2021-05-11T16:05:04","guid":{"rendered":"http:\/\/lavereda.com.mx\/?p=1602"},"modified":"2021-05-11T16:05:06","modified_gmt":"2021-05-11T16:05:06","slug":"javier-camarena-mejor-cantante-masculino-en-los-premios-opera-2021","status":"publish","type":"post","link":"https:\/\/lavereda.com.mx\/index.php\/2021\/05\/11\/javier-camarena-mejor-cantante-masculino-en-los-premios-opera-2021\/","title":{"rendered":"Javier Camarena: Mejor Cantante Masculino en los Premios \u00d3pera 2021"},"content":{"rendered":"\n<ul class=\"wp-block-list\"><li><strong><em>El tenor es recordado en Torre\u00f3n, por su participaci\u00f3n en una Gala oper\u00edstica con la Camerata de Coahuila en Mayo del 2015.<\/em><\/strong><\/li><\/ul>\n\n\n\n<p>La Secretar\u00eda de Cultura federal y el Instituto Nacional de Bellas Artes y Literatura (INBAL) felicitaron al tenor mexicano Javier Camarena por obtener\u00a0el reconocimiento como Mejor Cantante Masculino 2021, en los International Opera Awards, premio que es considerado por los expertos como los \u00d3scar de la \u00f3pera.<\/p>\n\n\n\n<p>El cantante originario de Veracruz dedic\u00f3 este reconocimiento\u00a0a los artistas que se enfrentan al confinamiento por la COVID-19 y quienes contin\u00faan su labor en forma virtual.<\/p>\n\n\n\n<p>Esta dedicatoria es un signo de empat\u00eda hacia la situaci\u00f3n del arte y la cultura en M\u00e9xico, uno de los sectores m\u00e1s afectados por la pandemia; que ha significado el cierre de teatros y la cancelaci\u00f3n de la mayor\u00eda de los espect\u00e1culos.<\/p>\n\n\n\n<p>Javier Camarena es uno de los cantantes l\u00edricos m\u00e1s exitosos del momento por&nbsp;su particular tesitura de voz. Se ha presentado en escenarios nacionales, entre ellos el Palacio de Bellas Artes, como en internacionales: el Metropolitan Opera House de Nueva York, el Royal Opera House de Londres y el Teatro Real de Madrid, donde ha obsequiado \u201cbis\u201d en diferentes ocasiones.<\/p>\n\n\n\n<p>Graduado con honores de la Licenciatura en M\u00fasica en la Universidad de Guanajuato, Camarena gan\u00f3 el Concurso Nacional de Canto&nbsp;<em>Carlo Morelli<\/em>&nbsp;en 2004, a\u00f1o en que debut\u00f3 en el Palacio de Bellas Artes en el rol estelar de&nbsp;<em>La hija del regimiento<\/em>, de Donizetti. Un a\u00f1o despu\u00e9s, obtuvo el primer lugar en el Concurso de Canto&nbsp;<em>Juan Oncinas<\/em>, en Barcelona, Espa\u00f1a, y en 2006 se integr\u00f3 al International Opernstudio en Zurich.<\/p>\n\n\n\n<p>La&nbsp;International Opera Awards design\u00f3 a Camarena (1976) entre un grupo conformado por el bar\u00edtono espa\u00f1ol Carlos \u00c1lvarez, los tenores estadounidenses Stephen Gould y Russell Thomas, el bajo alem\u00e1n Ren\u00e9 Pape y el bar\u00edtono rumano George Petean.<\/p>\n\n\n\n<p>Fundados en 2012 por Harry Hyman, los International Opera Awards son una celebraci\u00f3n anual de la excelencia de la \u00f3pera en todo el mundo, entre otros, sus objetivos son elevar el perfil de la \u00f3pera como forma de arte, reconocer y premiar el \u00e9xito en este g\u00e9nero teatral y musical.<\/p>\n","protected":false},"excerpt":{"rendered":"<p>El tenor es recordado en Torre\u00f3n, por su participaci\u00f3n en una Gala oper\u00edstica con la Camerata de Coahuila en Mayo del 2015. La Secretar\u00eda de Cultura federal y el Instituto &hellip; <a href=\"https:\/\/lavereda.com.mx\/index.php\/2021\/05\/11\/javier-camarena-mejor-cantante-masculino-en-los-premios-opera-2021\/\" class=\"more-link\">Leer m\u00e1s<\/a><\/p>\n","protected":false},"author":1,"featured_media":1603,"comment_status":"open","ping_status":"open","sticky":false,"template":"","format":"standard","meta":{"footnotes":""},"categories":[18,4],"tags":[],"class_list":["post-1602","post","type-post","status-publish","format-standard","has-post-thumbnail","hentry","category-lomasrelevante","category-musica","entry"],"_links":{"self":[{"href":"https:\/\/lavereda.com.mx\/index.php\/wp-json\/wp\/v2\/posts\/1602","targetHints":{"allow":["GET"]}}],"collection":[{"href":"https:\/\/lavereda.com.mx\/index.php\/wp-json\/wp\/v2\/posts"}],"about":[{"href":"https:\/\/lavereda.com.mx\/index.php\/wp-json\/wp\/v2\/types\/post"}],"author":[{"embeddable":true,"href":"https:\/\/lavereda.com.mx\/index.php\/wp-json\/wp\/v2\/users\/1"}],"replies":[{"embeddable":true,"href":"https:\/\/lavereda.com.mx\/index.php\/wp-json\/wp\/v2\/comments?post=1602"}],"version-history":[{"count":1,"href":"https:\/\/lavereda.com.mx\/index.php\/wp-json\/wp\/v2\/posts\/1602\/revisions"}],"predecessor-version":[{"id":1604,"href":"https:\/\/lavereda.com.mx\/index.php\/wp-json\/wp\/v2\/posts\/1602\/revisions\/1604"}],"wp:featuredmedia":[{"embeddable":true,"href":"https:\/\/lavereda.com.mx\/index.php\/wp-json\/wp\/v2\/media\/1603"}],"wp:attachment":[{"href":"https:\/\/lavereda.com.mx\/index.php\/wp-json\/wp\/v2\/media?parent=1602"}],"wp:term":[{"taxonomy":"category","embeddable":true,"href":"https:\/\/lavereda.com.mx\/index.php\/wp-json\/wp\/v2\/categories?post=1602"},{"taxonomy":"post_tag","embeddable":true,"href":"https:\/\/lavereda.com.mx\/index.php\/wp-json\/wp\/v2\/tags?post=1602"}],"curies":[{"name":"wp","href":"https:\/\/api.w.org\/{rel}","templated":true}]}}