{"id":1579,"date":"2021-05-04T22:55:04","date_gmt":"2021-05-04T22:55:04","guid":{"rendered":"http:\/\/lavereda.com.mx\/?p=1579"},"modified":"2021-05-05T00:35:22","modified_gmt":"2021-05-05T00:35:22","slug":"saul-rosales-y-jaime-munoz-charlan-sobre-el-torreon-neoclasico","status":"publish","type":"post","link":"https:\/\/lavereda.com.mx\/index.php\/2021\/05\/04\/saul-rosales-y-jaime-munoz-charlan-sobre-el-torreon-neoclasico\/","title":{"rendered":"Sa\u00fal Rosales y Jaime Mu\u00f1oz charlan sobre el Torre\u00f3n neocl\u00e1sico"},"content":{"rendered":"\n<p>Como parte de las actividades del mes de mayo del Teatro Isauro Mart\u00ednez, dos escritores laguneros se sentar\u00e1n a charlar sobre las fachadas antiguas de Torre\u00f3n. El viernes 7 de mayo, Sa\u00fal Rosales y Jaime Mu\u00f1oz ofrecer\u00e1n la pl\u00e1tica \u201cTorre\u00f3n neocl\u00e1sico de un piso\u201d, t\u00edtulo de un ensayo escrito por el primero de ellos.<\/p>\n\n\n\n<p>La transmisi\u00f3n ser\u00e1 a las 19:00 horas por la p\u00e1gina de facebook del teatro.<\/p>\n\n\n\n<p>El maestro Sa\u00fal Rosales, platicar\u00e1 con el p\u00fablico sobre su texto, \u201cque detiene la mirada en lo que por costumbre, por ignorancia, por trepadurismo o por todo esto junto muchos laguneros hemos invisibilizado: la arquitectura neocl\u00e1sica que hoy luce ruinosa en la mayor parte de sus vestgios, pero que deton\u00f3 la fisonom\u00eda de nuestra urbe y sigue siendo un patrimonio material digno de valoraci\u00f3n\u201d.<\/p>\n\n\n\n<p>Una charla que se vislumbra de inter\u00e9s para todo p\u00fablico.<\/p>\n\n\n\n<p><strong>AGENDA DEL MES<\/strong><\/p>\n\n\n\n<p>El teatro Isauro inform\u00f3 que adem\u00e1s el 20 de mayo a las 7:00 pm por su p\u00e1gina de Facebook Live&nbsp;&nbsp;se presentar\u00e1 \u201cVoces Ensamble\u201d. Con Andr\u00e9s Alejandro L\u00f3pez Romero (Bar\u00edtono),&nbsp;&nbsp;Daphne Rubio G\u00f3mez (Soprano), Luis S\u00e1nchez Briones (Bajo) y&nbsp;<\/p>\n\n\n\n<p>Dassaev Tagle (Piano).<\/p>\n\n\n\n<p>Asimismo el viernes 28 de mayo a las 7:00 pm tambi\u00e9n habr\u00e1 un Facebook Live del Teatro&nbsp;&nbsp;con el grupo Canta Marimba. Participan: Itzel Araly Robles (Cantante), Ricardo Ramos Hern\u00e1ndez (Marimba), \u00c1lvaro Crisanova Hern\u00e1ndez (Percusiones), Marco Rojas del Rivero (bajo), Emilio Enrique Martinez L\u00f3pez (guitarra) y Rogelio Carillo Martnez (bater\u00eda)<\/p>\n\n\n\n<p>Estos j\u00f3venes m\u00fasicos son estudiantes de la ULSA en la Licenciatura en m\u00fasica.&nbsp;<\/p>\n","protected":false},"excerpt":{"rendered":"<p>Como parte de las actividades del mes de mayo del Teatro Isauro Mart\u00ednez, dos escritores laguneros se sentar\u00e1n a charlar sobre las fachadas antiguas de Torre\u00f3n. El viernes 7 de &hellip; <a href=\"https:\/\/lavereda.com.mx\/index.php\/2021\/05\/04\/saul-rosales-y-jaime-munoz-charlan-sobre-el-torreon-neoclasico\/\" class=\"more-link\">Leer m\u00e1s<\/a><\/p>\n","protected":false},"author":1,"featured_media":1580,"comment_status":"open","ping_status":"open","sticky":false,"template":"","format":"standard","meta":{"footnotes":""},"categories":[2,18],"tags":[],"class_list":["post-1579","post","type-post","status-publish","format-standard","has-post-thumbnail","hentry","category-artes-escenicas","category-lomasrelevante","entry"],"_links":{"self":[{"href":"https:\/\/lavereda.com.mx\/index.php\/wp-json\/wp\/v2\/posts\/1579","targetHints":{"allow":["GET"]}}],"collection":[{"href":"https:\/\/lavereda.com.mx\/index.php\/wp-json\/wp\/v2\/posts"}],"about":[{"href":"https:\/\/lavereda.com.mx\/index.php\/wp-json\/wp\/v2\/types\/post"}],"author":[{"embeddable":true,"href":"https:\/\/lavereda.com.mx\/index.php\/wp-json\/wp\/v2\/users\/1"}],"replies":[{"embeddable":true,"href":"https:\/\/lavereda.com.mx\/index.php\/wp-json\/wp\/v2\/comments?post=1579"}],"version-history":[{"count":2,"href":"https:\/\/lavereda.com.mx\/index.php\/wp-json\/wp\/v2\/posts\/1579\/revisions"}],"predecessor-version":[{"id":1582,"href":"https:\/\/lavereda.com.mx\/index.php\/wp-json\/wp\/v2\/posts\/1579\/revisions\/1582"}],"wp:featuredmedia":[{"embeddable":true,"href":"https:\/\/lavereda.com.mx\/index.php\/wp-json\/wp\/v2\/media\/1580"}],"wp:attachment":[{"href":"https:\/\/lavereda.com.mx\/index.php\/wp-json\/wp\/v2\/media?parent=1579"}],"wp:term":[{"taxonomy":"category","embeddable":true,"href":"https:\/\/lavereda.com.mx\/index.php\/wp-json\/wp\/v2\/categories?post=1579"},{"taxonomy":"post_tag","embeddable":true,"href":"https:\/\/lavereda.com.mx\/index.php\/wp-json\/wp\/v2\/tags?post=1579"}],"curies":[{"name":"wp","href":"https:\/\/api.w.org\/{rel}","templated":true}]}}