{"id":1576,"date":"2021-05-04T01:19:42","date_gmt":"2021-05-04T01:19:42","guid":{"rendered":"http:\/\/lavereda.com.mx\/?p=1576"},"modified":"2021-05-04T01:19:44","modified_gmt":"2021-05-04T01:19:44","slug":"la-compania-nacional-de-danza-regresara-a-los-escenarios-con-gala-de-ballet","status":"publish","type":"post","link":"https:\/\/lavereda.com.mx\/index.php\/2021\/05\/04\/la-compania-nacional-de-danza-regresara-a-los-escenarios-con-gala-de-ballet\/","title":{"rendered":"La Compa\u00f1\u00eda Nacional de Danza regresar\u00e1 a los escenarios con Gala de ballet"},"content":{"rendered":"\n<ul class=\"wp-block-list\"><li><strong>Se presenta s\u00e1bado 8 y domingo 9 de mayo a las 19:00 y 18:00 horas, respectivamente, en el Teatro de las Arte<\/strong>s<\/li><\/ul>\n\n\n\n<p>Ciudad de M\u00e9xico.- La Compa\u00f1\u00eda Nacional de Danza (CND), del Instituto Nacional de Bellas Artes y Literatura (INBAL), volver\u00e1 a cautivar al p\u00fablico con la\u00a0Gala de ballet que presentar\u00e1 el s\u00e1bado 8 y domingo 9 de mayo en el Teatro de las Artes del Centro Nacional de las Artes (Cenart),\u00a0a las 19:00 y 18:00 horas, respectivamente.<\/p>\n\n\n\n<p>La presentaci\u00f3n es organizada por la&nbsp;Secretar\u00eda de Cultura y el INBAL, en el marco de&nbsp;#VolverAVerte,&nbsp;con todas las medidas de cuidado e higiene dispuestas por las autoridades sanitarias para garantizar la seguridad de los visitantes y de las personas trabajadoras: filtro sanitario, tapete desinfectante, toma de temperatura, dispensadores de gel antibacterial, uso obligatorio de cubreboca y se\u00f1alamientos para respetar la sana distancia, adem\u00e1s de limitar a 150 personas el acceso al recinto.<\/p>\n\n\n\n<blockquote class=\"wp-block-quote is-layout-flow wp-block-quote-is-layout-flow\"><p>La CND, a cargo de Elisa Carrillo y Cuauht\u00e9moc N\u00e1jera, en la direcci\u00f3n art\u00edstica, y David Bear en la direcci\u00f3n ejecutiva, regresa a los escenarios con una selecci\u00f3n de lo mejor de su repertorio cl\u00e1sico, el cual incluye fragmentos de las obras:\u00a0<em>Barba azul (Grand pas de deux \u00e9lectrique)<\/em>, versi\u00f3n de Vasily Medvedev; el\u00a0<em>Pas de Paysans\u00a0<\/em>y<em>Adagio de Giselle y Albrecht<\/em>\u00a0del ballet rom\u00e1ntico\u00a0<em>Giselle<\/em>, versi\u00f3n de Anton Dolin; el\u00a0<em>Pas de deux de Diana y Acte\u00f3n<\/em>\u00a0de\u00a0<em>La Esmeralda<\/em>, de Agrippina Vaganova, y la pieza\u00a0<em>La muerte del cisne<\/em>, de Michel Fokine.<\/p><\/blockquote>\n\n\n\n<p>Adem\u00e1s del&nbsp;<em>Pas de deux de las bodas de Aurora<\/em>&nbsp;de&nbsp;<em>La bella durmiente<\/em>, el&nbsp;<em>Grand pas de deux&nbsp;<\/em>del Acto IV de&nbsp;<em>Don Quijote<\/em>, el&nbsp;<em>Grand Pas D\u2019 Action<\/em>&nbsp;y el&nbsp;<em>Grand Pas de Gamzatti y Solor<\/em>&nbsp;de<em>&nbsp;La bayadera<\/em>, coreograf\u00edas de Marius Petipa.<\/p>\n\n\n\n<p>Para esta gala, los papeles estelares ser\u00e1n interpretados por los primeros bailarines Agustina Galizzi, Ana Elisa Mena, Mayuko Nihei, Blanca R\u00edos y Erick Rodr\u00edguez; los primeros solistas Elisa Ramos, Yoalli Sousa, Mois\u00e9s Carrada y Roberto Rodr\u00edguez; los solistas Alicia Hauffray, Valeria Mariaud, Juan Capell\u00e1n, Alejandro Mendoza, as\u00ed como Yubal Morales, y los bailarines Alexis Escamilla, Isabel Garc\u00eda, Mariana Torres, Corinne Jarvis, Gerardo Mart\u00ednez, Roberto Barqui y Jorge Larrazolo.<\/p>\n\n\n\n<p>La agrupaci\u00f3n del INBAL volver\u00e1 a ver a su p\u00fablico de manera presencial&nbsp;el 8 y 9 de mayo&nbsp;en el&nbsp;Teatro de las Artes del Centro Nacional de las Artes, ubicado en calzada de Tlalpan n\u00famero 79, esquina R\u00edo Churubusco, colonia Country Club, Alcald\u00eda Coyoac\u00e1n.<\/p>\n","protected":false},"excerpt":{"rendered":"<p>Se presenta s\u00e1bado 8 y domingo 9 de mayo a las 19:00 y 18:00 horas, respectivamente, en el Teatro de las Artes Ciudad de M\u00e9xico.- La Compa\u00f1\u00eda Nacional de Danza &hellip; <a href=\"https:\/\/lavereda.com.mx\/index.php\/2021\/05\/04\/la-compania-nacional-de-danza-regresara-a-los-escenarios-con-gala-de-ballet\/\" class=\"more-link\">Leer m\u00e1s<\/a><\/p>\n","protected":false},"author":1,"featured_media":1577,"comment_status":"open","ping_status":"open","sticky":false,"template":"","format":"standard","meta":{"footnotes":""},"categories":[2,18],"tags":[],"class_list":["post-1576","post","type-post","status-publish","format-standard","has-post-thumbnail","hentry","category-artes-escenicas","category-lomasrelevante","entry"],"_links":{"self":[{"href":"https:\/\/lavereda.com.mx\/index.php\/wp-json\/wp\/v2\/posts\/1576","targetHints":{"allow":["GET"]}}],"collection":[{"href":"https:\/\/lavereda.com.mx\/index.php\/wp-json\/wp\/v2\/posts"}],"about":[{"href":"https:\/\/lavereda.com.mx\/index.php\/wp-json\/wp\/v2\/types\/post"}],"author":[{"embeddable":true,"href":"https:\/\/lavereda.com.mx\/index.php\/wp-json\/wp\/v2\/users\/1"}],"replies":[{"embeddable":true,"href":"https:\/\/lavereda.com.mx\/index.php\/wp-json\/wp\/v2\/comments?post=1576"}],"version-history":[{"count":1,"href":"https:\/\/lavereda.com.mx\/index.php\/wp-json\/wp\/v2\/posts\/1576\/revisions"}],"predecessor-version":[{"id":1578,"href":"https:\/\/lavereda.com.mx\/index.php\/wp-json\/wp\/v2\/posts\/1576\/revisions\/1578"}],"wp:featuredmedia":[{"embeddable":true,"href":"https:\/\/lavereda.com.mx\/index.php\/wp-json\/wp\/v2\/media\/1577"}],"wp:attachment":[{"href":"https:\/\/lavereda.com.mx\/index.php\/wp-json\/wp\/v2\/media?parent=1576"}],"wp:term":[{"taxonomy":"category","embeddable":true,"href":"https:\/\/lavereda.com.mx\/index.php\/wp-json\/wp\/v2\/categories?post=1576"},{"taxonomy":"post_tag","embeddable":true,"href":"https:\/\/lavereda.com.mx\/index.php\/wp-json\/wp\/v2\/tags?post=1576"}],"curies":[{"name":"wp","href":"https:\/\/api.w.org\/{rel}","templated":true}]}}