{"id":1569,"date":"2021-04-29T15:49:42","date_gmt":"2021-04-29T15:49:42","guid":{"rendered":"http:\/\/lavereda.com.mx\/?p=1569"},"modified":"2021-04-29T15:49:44","modified_gmt":"2021-04-29T15:49:44","slug":"la-danza-es-tan-ardua-y-dificil-como-una-ingenieria-ale-alicona","status":"publish","type":"post","link":"https:\/\/lavereda.com.mx\/index.php\/2021\/04\/29\/la-danza-es-tan-ardua-y-dificil-como-una-ingenieria-ale-alicona\/","title":{"rendered":"\u201cLa danza es tan ardua y dif\u00edcil como una ingenier\u00eda\u201d: Ale Alicona"},"content":{"rendered":"\n<p>Comenz\u00f3 a los 13 a\u00f1os a estudiar ballet, cuando ella considera que no ten\u00eda el cuerpo y las aptitudes para esta dif\u00edcil disciplina. A pesar de que algunas personas le dijeron que no lo lograr\u00eda, no desisti\u00f3. Se inscribi\u00f3 en academias de Torre\u00f3n, ingres\u00f3 en la Escuela Municipal de Danza Contempor\u00e1nea y despu\u00e9s fue admitida en una escuela y en una compa\u00f1\u00eda en Seattle (Pacific Northwest Ballet).<\/p>\n\n\n\n<p>Con motivo del D\u00eda Internacional de la Danza, la joven lagunera de tan solo 20 a\u00f1os , se dio un espacio para charlar desde Monterrey con&nbsp;<em>La Vereda<\/em>.<\/p>\n\n\n\n<p><strong><em>\u00bfEn d\u00f3nde te est\u00e1s entrenando? \u00bfIngresaste en el Ballet de Monterrey?<\/em><\/strong><\/p>\n\n\n\n<p>\u201cMe estoy entrenando en la academia Tour de Force de Monterrey, con el maestro Eduardo Vega, ah\u00ed entreno y tomo clases de ballet, tambi\u00e9n doy clases en la academia Balletto.<\/p>\n\n\n\n<p>Estaba en Estados Unidos, en modalidad de escuela, ten\u00eda las ganas y la urgencia de bailar en alguna parte, entonces me hablaron del Ballet de Monterrey, estuve en la joven compa\u00f1\u00eda, aprend\u00ed muchas cosas, esc\u00e9nica y profesionalmente. Bail\u00e9 con la compa\u00f1\u00eda El Cascanueces.<\/p>\n\n\n\n<p>Me di cuenta que no soy cien por ciento, bailarina cl\u00e1sica, me form\u00e9 en lo cl\u00e1sico y contempor\u00e1neo. Ahora yo busco un ballet contempor\u00e1neo, iba a ir a B\u00e9lgica a audicionar en una compa\u00f1\u00eda cuando comenz\u00f3 la pandemia, me fui a Torre\u00f3n y estuve dando clases en Centro de Danza de la Laguna.<\/p>\n\n\n\n<p>Hay que hacer muchas cosas para llegar a tu meta final, son diferentes, pero nunca hay que perder de vista lo que quieres. Yo quiero bailar profesionalmente, en B\u00e9lgica, Estados Unidos o Canad\u00e1\u201d.<\/p>\n\n\n\n<p><strong><em>\u00bfC\u00f3mo le hace una bailarina lagunera, que empieza en academias de la localidad, para destacarse fuera de aqu\u00ed y en el extranjero?<\/em><\/strong><\/p>\n\n\n\n<p>\u201cTorre\u00f3n est\u00e1 lleno de talento y gente con capacidades, como es una ciudad peque\u00f1a no hay tantas oportunidades para un bailar\u00edn, pero yo tengo la idea de que puedes hacer lo que te propongas, querer es poder, literalmente. Empec\u00e9 a bailar a los 13 a\u00f1os, no ten\u00eda el cuerpo y las capacidades, creo que mis deficiencias me hicieron trabajar mucho m\u00e1s duro para poder alcanzar una meta, en Torre\u00f3n y otros partes de M\u00e9xico me dijeron que no podr\u00eda lograr lo que he logrado hasta ahora. No tiene que haber impedimento. Hay que seguir so\u00f1ando y no seguir dormido\u201d.&nbsp;<\/p>\n\n\n\n<p><strong><em>\u00bfC\u00f3mo celebrar\u00e1s el d\u00eda internacional de la danza?<\/em><\/strong><\/p>\n\n\n\n<p>\u201cYo lo celebrar\u00e9 bailando, tomando clases de ballet, barra contempor\u00e1nea y danza contempor\u00e1nea\u201d.<\/p>\n\n\n\n<p><strong><em>\u00bfQu\u00e9 figuras de la danza admiras y te inspiran?<\/em><\/strong><\/p>\n\n\n\n<p>\u201cA Ricardo Urbina, es de Torre\u00f3n, \u00e9l se fue una escuela de Estados Unidos yo me fui a esa escuela tambi\u00e9n, a Deborah Rodr\u00edguez del Ballet de Monterrey, es un ejemplo de persistencia, de disciplina y de todo, me ha impulsado mucho a seguir luchando,<\/p>\n\n\n\n<p>Y tambi\u00e9n Marianela N\u00fa\u00f1ez\u201d.<\/p>\n\n\n\n<p><strong><em>\u00bfC\u00f3mo te afect\u00f3 la pandemia en tu vida de bailarina?<\/em><\/strong><\/p>\n\n\n\n<p>\u201cSiempre me ha gustado el proceso para llegar a bailar, disfruto mucho el proceso de levantarme cada d\u00eda, de ponerme el leotardo. La pandemia me afect\u00f3 m\u00e1s porque no estaba en un lugar para entrenarme bien, estuve entren\u00e1ndome online desde Torre\u00f3n con un maestro de la Escuela Superior de M\u00fasica y Danza de Monterrey, estuve comprando tablas y lin\u00f3leo para poder practicar, pero las casas no son lugares aptos para tomar clase. Lo hac\u00eda en el patio, en la sala, en la terraza de mi abuelita. Pero la pandemia tambi\u00e9n me trajo muchas cosas buenas.<\/p>\n\n\n\n<p><strong><em>\u00bfHacen falta m\u00e1s apoyos para bailarines ejecutantes en M\u00e9xico?<\/em><\/strong><\/p>\n\n\n\n<blockquote class=\"wp-block-quote is-layout-flow wp-block-quote-is-layout-flow\"><p>\u201cCreo que recibimos m\u00e1s apoyo los mexicanos en otros pa\u00edses que en M\u00e9xico, aqu\u00ed prefieren contratar bailarines extranjeros, falta mucho apoyo econ\u00f3mico, no se ve el arte y la danza como una carrera profesional, que debe monetizarse, no bailamos de a gratis, mucha gente ha estudiado una carrera profesional, es tan arduo y dif\u00edcil como una ingenier\u00eda, como una carrera m\u00e9dica\u201d.<\/p><\/blockquote>\n\n\n\n<p><strong><em>\u00bfQu\u00e9 mensaje le dar\u00edas a los estudiantes en este D\u00eda Internacional de la Danza?<\/em><\/strong><\/p>\n\n\n\n<p>\u201cQue sigan trabajando lo primero, lo segundo, lo tercero, eso siempre. Yo empec\u00e9 tarde, no ten\u00eda mucha condici\u00f3n, la gente en M\u00e9xico no ve\u00eda futuro en mi. Que no se rindan, que crean en ellos, hay oportunidades en todas las partes del mundo, que no se limiten por alguna deficiencia f\u00edsica\u201d.\u00a0<\/p>\n\n\n\n<figure class=\"wp-block-image size-large\"><img fetchpriority=\"high\" decoding=\"async\" width=\"684\" height=\"1024\" src=\"https:\/\/lavereda.com.mx\/wp-content\/uploads\/2021\/04\/WhatsApp-Image-2021-04-27-at-22.39.31-684x1024.jpeg\" alt=\"\" class=\"wp-image-1571\" srcset=\"https:\/\/lavereda.com.mx\/wp-content\/uploads\/2021\/04\/WhatsApp-Image-2021-04-27-at-22.39.31-684x1024.jpeg 684w, https:\/\/lavereda.com.mx\/wp-content\/uploads\/2021\/04\/WhatsApp-Image-2021-04-27-at-22.39.31-200x300.jpeg 200w, https:\/\/lavereda.com.mx\/wp-content\/uploads\/2021\/04\/WhatsApp-Image-2021-04-27-at-22.39.31-768x1150.jpeg 768w, https:\/\/lavereda.com.mx\/wp-content\/uploads\/2021\/04\/WhatsApp-Image-2021-04-27-at-22.39.31.jpeg 1000w\" sizes=\"(max-width: 684px) 100vw, 684px\" \/><\/figure>\n","protected":false},"excerpt":{"rendered":"<p>Comenz\u00f3 a los 13 a\u00f1os a estudiar ballet, cuando ella considera que no ten\u00eda el cuerpo y las aptitudes para esta dif\u00edcil disciplina. A pesar de que algunas personas le &hellip; <a href=\"https:\/\/lavereda.com.mx\/index.php\/2021\/04\/29\/la-danza-es-tan-ardua-y-dificil-como-una-ingenieria-ale-alicona\/\" class=\"more-link\">Leer m\u00e1s<\/a><\/p>\n","protected":false},"author":9,"featured_media":1570,"comment_status":"open","ping_status":"open","sticky":false,"template":"","format":"standard","meta":{"footnotes":""},"categories":[2,18],"tags":[],"class_list":["post-1569","post","type-post","status-publish","format-standard","has-post-thumbnail","hentry","category-artes-escenicas","category-lomasrelevante","entry"],"_links":{"self":[{"href":"https:\/\/lavereda.com.mx\/index.php\/wp-json\/wp\/v2\/posts\/1569","targetHints":{"allow":["GET"]}}],"collection":[{"href":"https:\/\/lavereda.com.mx\/index.php\/wp-json\/wp\/v2\/posts"}],"about":[{"href":"https:\/\/lavereda.com.mx\/index.php\/wp-json\/wp\/v2\/types\/post"}],"author":[{"embeddable":true,"href":"https:\/\/lavereda.com.mx\/index.php\/wp-json\/wp\/v2\/users\/9"}],"replies":[{"embeddable":true,"href":"https:\/\/lavereda.com.mx\/index.php\/wp-json\/wp\/v2\/comments?post=1569"}],"version-history":[{"count":1,"href":"https:\/\/lavereda.com.mx\/index.php\/wp-json\/wp\/v2\/posts\/1569\/revisions"}],"predecessor-version":[{"id":1572,"href":"https:\/\/lavereda.com.mx\/index.php\/wp-json\/wp\/v2\/posts\/1569\/revisions\/1572"}],"wp:featuredmedia":[{"embeddable":true,"href":"https:\/\/lavereda.com.mx\/index.php\/wp-json\/wp\/v2\/media\/1570"}],"wp:attachment":[{"href":"https:\/\/lavereda.com.mx\/index.php\/wp-json\/wp\/v2\/media?parent=1569"}],"wp:term":[{"taxonomy":"category","embeddable":true,"href":"https:\/\/lavereda.com.mx\/index.php\/wp-json\/wp\/v2\/categories?post=1569"},{"taxonomy":"post_tag","embeddable":true,"href":"https:\/\/lavereda.com.mx\/index.php\/wp-json\/wp\/v2\/tags?post=1569"}],"curies":[{"name":"wp","href":"https:\/\/api.w.org\/{rel}","templated":true}]}}