{"id":1564,"date":"2021-04-27T00:56:59","date_gmt":"2021-04-27T00:56:59","guid":{"rendered":"http:\/\/lavereda.com.mx\/?p=1564"},"modified":"2021-04-27T00:57:36","modified_gmt":"2021-04-27T00:57:36","slug":"que-va-a-pasar-con-el-cine-en-el-siglo-xxi","status":"publish","type":"post","link":"https:\/\/lavereda.com.mx\/index.php\/2021\/04\/27\/que-va-a-pasar-con-el-cine-en-el-siglo-xxi\/","title":{"rendered":"\u00bfQu\u00e9 va a pasar con el cine en el siglo XXI?"},"content":{"rendered":"\n<ul class=\"wp-block-list\"><li><strong><em>Invitan a charla virtual a cargo del director de cine y guionista Jorge Gallardo De la Pe\u00f1a<\/em><\/strong><\/li><\/ul>\n\n\n\n<p>El cine es una de las disciplinas, que como otras, ha sufrido p\u00e9rdidas en tiempos de pandemia. De esto y m\u00e1s tratar\u00e1 la charla <em>\u00bfQu\u00e9 va pasar con el cine en el siglo XXI?<\/em> que impartir\u00e1 Jorge Gallardo De la Pe\u00f1a, director de cine y guionista, el mi\u00e9rcoles 28 de abril a las 7:00 pm por la p\u00e1gina de Facebook Live del Teatro Isauro Mart\u00ednez.<br><\/p>\n\n\n\n<p>El expositor egres\u00f3 del Centro Universitario de Estudios Cinematogr\u00e1ficos, UNAM. (Hoy Escuela Nacional de Artes Cinematogr\u00e1ficas). Actualmente es Catedr\u00e1tico en la Facultad de Estudios Superiores Arag\u00f3n; imparte desde hace quince a\u00f1os las materias de Apreciaci\u00f3n cinematogr\u00e1fica, Guionismo y Taller de Televisi\u00f3n II y III para la Licenciatura de Comunicaci\u00f3n y Periodismo.<\/p>\n\n\n\n<p>Tiene una larga trayectoria como realizador, productor de televisi\u00f3n y guionista, obtuvo el Primer Premio Nacional de Periodismo y el Jos\u00e9 Pag\u00e9s Llergo por su trabajo en la serie Di\u00e1logos en Confianza de Canal Once.<br>Ha realizado y producido los cortometrajes TACO DE OJO, EL REGRESO DE MAM\u00c1 TACHA, DIVORCIOS y MUJER QUE PIDE GIMLET (en proceso). Recientemente realiz\u00f3 el documental CARNAVALES, LOS DE IZTAPALAPA. Estas pel\u00edculas pueden verse en su canal de YouTube.<br><\/p>\n\n\n\n<p>Como escritor tiene reconocimientos de Imcine por los libros cinematogr\u00e1ficos L\u00cdBRANOS DEL MAL (hoy ALMAS VIOLENTAS) y \u00a1AY DOLOR, VOLVISTE A PEGARME!, ambos seleccionados para Desarrollo de Proyecto con apoyo econ\u00f3mico en 2004 y 2013 respectivamente.<br><\/p>\n\n\n\n<p>Hizo Gerencia de Producci\u00f3n en los largometrajes El costo de la vida de Rafael Montero y Los confines de Mitl Valdez, \u00e9ste \u00faltimo basado en dos cuentos de \u201cEl Llano en Llamas\u201d y un cap\u00edtulo de \u201cPedro P\u00e1ramo\u201d de Juan Rulfo y fue asistente de direcci\u00f3n y actor en Redondo de Ra\u00fal Busteros.<br><\/p>\n\n\n\n<p>Trabaj\u00f3 como investigador literario y periodista en la edici\u00f3n del libro Luz y sombra en colaboraci\u00f3n con el maestro Felipe Garrido, publicado por CONACULTA para conmemorar los cien a\u00f1os de cine en M\u00e9xico y escribi\u00f3 durante diez a\u00f1os una columna sabatina de cr\u00edtica cinematogr\u00e1fica en la Secci\u00f3n Cultura del peri\u00f3dico Milenio.<br><\/p>\n\n\n\n<p><\/p>\n","protected":false},"excerpt":{"rendered":"<p>Invitan a charla virtual a cargo del director de cine y guionista Jorge Gallardo De la Pe\u00f1a El cine es una de las disciplinas, que como otras, ha sufrido p\u00e9rdidas &hellip; <a href=\"https:\/\/lavereda.com.mx\/index.php\/2021\/04\/27\/que-va-a-pasar-con-el-cine-en-el-siglo-xxi\/\" class=\"more-link\">Leer m\u00e1s<\/a><\/p>\n","protected":false},"author":1,"featured_media":1565,"comment_status":"open","ping_status":"open","sticky":false,"template":"","format":"standard","meta":{"footnotes":""},"categories":[6],"tags":[],"class_list":["post-1564","post","type-post","status-publish","format-standard","has-post-thumbnail","hentry","category-cinetv","entry"],"_links":{"self":[{"href":"https:\/\/lavereda.com.mx\/index.php\/wp-json\/wp\/v2\/posts\/1564","targetHints":{"allow":["GET"]}}],"collection":[{"href":"https:\/\/lavereda.com.mx\/index.php\/wp-json\/wp\/v2\/posts"}],"about":[{"href":"https:\/\/lavereda.com.mx\/index.php\/wp-json\/wp\/v2\/types\/post"}],"author":[{"embeddable":true,"href":"https:\/\/lavereda.com.mx\/index.php\/wp-json\/wp\/v2\/users\/1"}],"replies":[{"embeddable":true,"href":"https:\/\/lavereda.com.mx\/index.php\/wp-json\/wp\/v2\/comments?post=1564"}],"version-history":[{"count":2,"href":"https:\/\/lavereda.com.mx\/index.php\/wp-json\/wp\/v2\/posts\/1564\/revisions"}],"predecessor-version":[{"id":1567,"href":"https:\/\/lavereda.com.mx\/index.php\/wp-json\/wp\/v2\/posts\/1564\/revisions\/1567"}],"wp:featuredmedia":[{"embeddable":true,"href":"https:\/\/lavereda.com.mx\/index.php\/wp-json\/wp\/v2\/media\/1565"}],"wp:attachment":[{"href":"https:\/\/lavereda.com.mx\/index.php\/wp-json\/wp\/v2\/media?parent=1564"}],"wp:term":[{"taxonomy":"category","embeddable":true,"href":"https:\/\/lavereda.com.mx\/index.php\/wp-json\/wp\/v2\/categories?post=1564"},{"taxonomy":"post_tag","embeddable":true,"href":"https:\/\/lavereda.com.mx\/index.php\/wp-json\/wp\/v2\/tags?post=1564"}],"curies":[{"name":"wp","href":"https:\/\/api.w.org\/{rel}","templated":true}]}}