{"id":1558,"date":"2021-04-24T16:43:27","date_gmt":"2021-04-24T16:43:27","guid":{"rendered":"http:\/\/lavereda.com.mx\/?p=1558"},"modified":"2021-04-24T16:45:59","modified_gmt":"2021-04-24T16:45:59","slug":"de-lecturas-mesitas-y-cafes","status":"publish","type":"post","link":"https:\/\/lavereda.com.mx\/index.php\/2021\/04\/24\/de-lecturas-mesitas-y-cafes\/","title":{"rendered":"De lecturas, mesitas y caf\u00e9s"},"content":{"rendered":"\n<p>Hace unos d\u00edas alguien me coment\u00f3 que uno de los m\u00e1s grandes dilemas de los escritores es a qui\u00e9n van a heredar su biblioteca, formada por a\u00f1os con esmero, casi como un vicio. No puedo imaginar esos grandes legados, llenos de recuerdos, de ediciones memorables y \u00fanicas que llenan las paredes de las casas.<\/p>\n\n\n\n<p>Nosotros las y los mortales, tambi\u00e9n tenemos nuestros tesoros. En mi caso, no poseo una biblioteca tan grande como la de un escritor, pero s\u00ed tengo mis libreros llenos de ejemplares, que, cada uno representa un recuerdo en especial. Se trata de viajes, de libros que fueron un obsequio, de esos pocos y maravillosos dedicados por el autor. De los que marcaron una \u00e9poca en mi vida, los libros netamente de aprendizaje y los libros que uno adquiere por placer.<\/p>\n\n\n\n<p>En el D\u00eda Internacional del Libro, no s\u00f3lo en esta fecha, hay que regodearse de ellos, los que ya tenemos y le\u00edmos, los que nos hemos le\u00eddo, los que nos falta por comprar o en un sue\u00f1o guajiro los que no falta por escribir. Los a\u00f1os pasan, las modas tambi\u00e9n, la gente cambia, aparecen amigos otros desaparecen, se atraviesan pandemias pero los libros siempre se quedan.<\/p>\n\n\n\n<p>Como muchos, yo tambi\u00e9n tengo mis man\u00edas lectoras. Les comparto algunas: aun prefiero los impresos que digitales, aunque s\u00ed los he le\u00eddo completos en pantallas cuando un alma caritativa me ha enviado alguno de regalo.&nbsp;&nbsp;Casi nunca puedo viajar sin llevar un libro, aunque est\u00e9 tan ocupada que s\u00f3lo logre hojearlo. Si me invitan a una casa, siempre me fijo en los libreros y si me dan permiso saco uno para ver portada y contra portada.<\/p>\n\n\n\n<blockquote class=\"wp-block-quote is-layout-flow wp-block-quote-is-layout-flow\"><p>Mi mayor pendiente desde hace a\u00f1os es conseguir una l\u00e1mpara adecuada para leer de noche en cama. Aunque por problemas de insomnio me recomendaron no leer tanto de noche, siempre tengo tres o cuatro libros en la mesita de al lado.\u00a0<\/p><\/blockquote>\n\n\n\n<p>El problema de no conseguir la l\u00e1mpara correcta probablemente me lleve a comprar un Kindle. Otra relaci\u00f3n con la lectura suele ser el caf\u00e9. Si unos ratos de lectura se acompa\u00f1an por una taza de caf\u00e9, para mi es un d\u00eda completo. Es como haber hablado con tu mejor amiga a la distancia o a haber comido algo delicioso.<\/p>\n\n\n\n<p>Y por \u00faltimo. Soy feliz, lo digo en serio, cuando mis amigos publican libros. Aunque no siempre corra a comprarlos es una deuda con ellos.&nbsp;<\/p>\n\n\n\n<p>Una de mis mayores alegr\u00edas relacionada con los libros, es haber entrevistado hace muchos a\u00f1os a mi escritora preferida, la espa\u00f1ola Rosa Montero. Atesoro sus novelas y sigo todas sus columnas, es una de esas voces imprescindibles en mi vida.<\/p>\n\n\n\n<p>As\u00ed que \u00a1gracias por tanto a los libros!&nbsp;<\/p>\n","protected":false},"excerpt":{"rendered":"<p>Hace unos d\u00edas alguien me coment\u00f3 que uno de los m\u00e1s grandes dilemas de los escritores es a qui\u00e9n van a heredar su biblioteca, formada por a\u00f1os con esmero, casi &hellip; <a href=\"https:\/\/lavereda.com.mx\/index.php\/2021\/04\/24\/de-lecturas-mesitas-y-cafes\/\" class=\"more-link\">Leer m\u00e1s<\/a><\/p>\n","protected":false},"author":9,"featured_media":1559,"comment_status":"open","ping_status":"open","sticky":false,"template":"","format":"standard","meta":{"footnotes":""},"categories":[5,9],"tags":[],"class_list":["post-1558","post","type-post","status-publish","format-standard","has-post-thumbnail","hentry","category-letras-y-libros","category-opinion","entry"],"_links":{"self":[{"href":"https:\/\/lavereda.com.mx\/index.php\/wp-json\/wp\/v2\/posts\/1558","targetHints":{"allow":["GET"]}}],"collection":[{"href":"https:\/\/lavereda.com.mx\/index.php\/wp-json\/wp\/v2\/posts"}],"about":[{"href":"https:\/\/lavereda.com.mx\/index.php\/wp-json\/wp\/v2\/types\/post"}],"author":[{"embeddable":true,"href":"https:\/\/lavereda.com.mx\/index.php\/wp-json\/wp\/v2\/users\/9"}],"replies":[{"embeddable":true,"href":"https:\/\/lavereda.com.mx\/index.php\/wp-json\/wp\/v2\/comments?post=1558"}],"version-history":[{"count":3,"href":"https:\/\/lavereda.com.mx\/index.php\/wp-json\/wp\/v2\/posts\/1558\/revisions"}],"predecessor-version":[{"id":1562,"href":"https:\/\/lavereda.com.mx\/index.php\/wp-json\/wp\/v2\/posts\/1558\/revisions\/1562"}],"wp:featuredmedia":[{"embeddable":true,"href":"https:\/\/lavereda.com.mx\/index.php\/wp-json\/wp\/v2\/media\/1559"}],"wp:attachment":[{"href":"https:\/\/lavereda.com.mx\/index.php\/wp-json\/wp\/v2\/media?parent=1558"}],"wp:term":[{"taxonomy":"category","embeddable":true,"href":"https:\/\/lavereda.com.mx\/index.php\/wp-json\/wp\/v2\/categories?post=1558"},{"taxonomy":"post_tag","embeddable":true,"href":"https:\/\/lavereda.com.mx\/index.php\/wp-json\/wp\/v2\/tags?post=1558"}],"curies":[{"name":"wp","href":"https:\/\/api.w.org\/{rel}","templated":true}]}}