{"id":1548,"date":"2021-04-21T15:53:23","date_gmt":"2021-04-21T15:53:23","guid":{"rendered":"http:\/\/lavereda.com.mx\/?p=1548"},"modified":"2021-04-21T15:53:58","modified_gmt":"2021-04-21T15:53:58","slug":"coahuila-tercer-lugar-en-maternidad-adolescente","status":"publish","type":"post","link":"https:\/\/lavereda.com.mx\/index.php\/2021\/04\/21\/coahuila-tercer-lugar-en-maternidad-adolescente\/","title":{"rendered":"Coahuila: tercer lugar en maternidad adolescente"},"content":{"rendered":"\n<p>No hay lugar a dudas que el embarazo infantil y adolescente es un problema complejo cuya prevenci\u00f3n, atenci\u00f3n y erradicaci\u00f3n no puede posponerse m\u00e1s. El recorrido por los datos, legislaci\u00f3n, informes y estad\u00edsticas muestra que las causas de su origen en Coahuila tienen una fuerte relaci\u00f3n con la normalizaci\u00f3n de la violencia sexual de la que ni\u00f1as, adolescentes y mujeres adultas son v\u00edctimas; dio a conocer la organizaci\u00f3n Matatena A.C.<\/p>\n\n\n\n<p>Esta asociaci\u00f3n, con sede en Saltillo, ha hecho hincapi\u00e9 en visibilizar la situaci\u00f3n y presentar\u00e1 su primer informe sobre embarazo infantil y adolescente en Coahuila, de manera presencial en el Colegio Alebrije en la ciudad de Saltillo el pr\u00f3ximo s\u00e1bado 24 de abril a las 10:00 horas y se transmitir\u00e1 a trav\u00e9s de&nbsp;la p\u00e1gina de Facebook de la asociaci\u00f3n&nbsp;(\/matatenasaltillo).<\/p>\n\n\n\n<p>Su informe cuenta con estad\u00edsticas sobre maternidad infantil y adolescente, un an\u00e1lisis sobre el panorama de violencia sexual y del marco legal de Coahuila, as\u00ed como recomendaciones para abordar la problem\u00e1tica desde gobierno y desde la sociedad civil organizada.&nbsp;<\/p>\n\n\n\n<p>En 2019, Coahuila ocup\u00f3 el tercer lugar de nacimientos de adolescentes menores de 19 a\u00f1os. Se registraron 221 nacimientos de ni\u00f1as de 11 a 14 a\u00f1os de edad y 9,727 nacimientos de adolescentes de 15 a 19 a\u00f1os de edad, destac\u00f3 la asociaci\u00f3n.<\/p>\n\n\n\n<blockquote class=\"wp-block-quote is-layout-flow wp-block-quote-is-layout-flow\"><p>\u201cEs prioritario que las ni\u00f1as sean solo ni\u00f1as; que puedan desarrollarse en un espacio libre de violencia; que las adolescentes no se conviertan en madres contra su voluntad; que se les brinden posibilidades para elegir; que puedan vivir su sexualidad libremente. Es por ello que, desde Matatena, hacemos un llamado a la sociedad coahuilense a ponerle un alto a la violencia sexual que sufren miles de ni\u00f1as y adolescentes\u201d, comaprti\u00f3 en un comunicado.<\/p><\/blockquote>\n\n\n\n<p><strong>Numeralia:&nbsp;<\/strong><\/p>\n\n\n\n<p>\u25cf &nbsp;En los nacimientos de ni\u00f1as menores de 14 a\u00f1os el 38% de los progenitores ten\u00eda entre 18 y 25 a\u00f1os. Se destacan los casos de un progenitor de 45 a\u00f1os y otro de 35 a\u00f1os de edad con ni\u00f1as de 14 a\u00f1os. En su mayor\u00eda, los progenitores son adultos, por lo que se establece que el 69% (contando los casos no especificados) de los partos en ni\u00f1as menores de 14 a\u00f1os fueron violencia sexual.&nbsp;<\/p>\n\n\n\n<p>\u25cf &nbsp;El estado civil de las ni\u00f1as menores de 14 a\u00f1os fue m\u00e1s del 50% en uni\u00f3n libre y viviendo con sus parejas y 31% soletas. En dos registros de nacimientos se declara el estado civil de la menor como casada, aunque el matrimonio en menores de 18 a\u00f1os est\u00e1 prohibido en Coahuila.&nbsp;<\/p>\n","protected":false},"excerpt":{"rendered":"<p>No hay lugar a dudas que el embarazo infantil y adolescente es un problema complejo cuya prevenci\u00f3n, atenci\u00f3n y erradicaci\u00f3n no puede posponerse m\u00e1s. El recorrido por los datos, legislaci\u00f3n, &hellip; <a href=\"https:\/\/lavereda.com.mx\/index.php\/2021\/04\/21\/coahuila-tercer-lugar-en-maternidad-adolescente\/\" class=\"more-link\">Leer m\u00e1s<\/a><\/p>\n","protected":false},"author":1,"featured_media":1549,"comment_status":"open","ping_status":"open","sticky":false,"template":"","format":"standard","meta":{"footnotes":""},"categories":[12,8],"tags":[],"class_list":["post-1548","post","type-post","status-publish","format-standard","has-post-thumbnail","hentry","category-equidad","category-sociedad","entry"],"_links":{"self":[{"href":"https:\/\/lavereda.com.mx\/index.php\/wp-json\/wp\/v2\/posts\/1548","targetHints":{"allow":["GET"]}}],"collection":[{"href":"https:\/\/lavereda.com.mx\/index.php\/wp-json\/wp\/v2\/posts"}],"about":[{"href":"https:\/\/lavereda.com.mx\/index.php\/wp-json\/wp\/v2\/types\/post"}],"author":[{"embeddable":true,"href":"https:\/\/lavereda.com.mx\/index.php\/wp-json\/wp\/v2\/users\/1"}],"replies":[{"embeddable":true,"href":"https:\/\/lavereda.com.mx\/index.php\/wp-json\/wp\/v2\/comments?post=1548"}],"version-history":[{"count":2,"href":"https:\/\/lavereda.com.mx\/index.php\/wp-json\/wp\/v2\/posts\/1548\/revisions"}],"predecessor-version":[{"id":1551,"href":"https:\/\/lavereda.com.mx\/index.php\/wp-json\/wp\/v2\/posts\/1548\/revisions\/1551"}],"wp:featuredmedia":[{"embeddable":true,"href":"https:\/\/lavereda.com.mx\/index.php\/wp-json\/wp\/v2\/media\/1549"}],"wp:attachment":[{"href":"https:\/\/lavereda.com.mx\/index.php\/wp-json\/wp\/v2\/media?parent=1548"}],"wp:term":[{"taxonomy":"category","embeddable":true,"href":"https:\/\/lavereda.com.mx\/index.php\/wp-json\/wp\/v2\/categories?post=1548"},{"taxonomy":"post_tag","embeddable":true,"href":"https:\/\/lavereda.com.mx\/index.php\/wp-json\/wp\/v2\/tags?post=1548"}],"curies":[{"name":"wp","href":"https:\/\/api.w.org\/{rel}","templated":true}]}}