{"id":1544,"date":"2021-04-20T22:33:21","date_gmt":"2021-04-20T22:33:21","guid":{"rendered":"http:\/\/lavereda.com.mx\/?p=1544"},"modified":"2021-04-21T02:06:50","modified_gmt":"2021-04-21T02:06:50","slug":"dedican-el-dia-mundial-del-libro-a-augusto-monterroso","status":"publish","type":"post","link":"https:\/\/lavereda.com.mx\/index.php\/2021\/04\/20\/dedican-el-dia-mundial-del-libro-a-augusto-monterroso\/","title":{"rendered":"Dedican el D\u00eda Mundial del Libro a Augusto Monterroso"},"content":{"rendered":"\n<p>GUADALAJARA.- La Feria Internacional del Libro de Guadalajara (FIL) festejar\u00e1 el D\u00eda Mundial del Libro este viernes 23 de abril, en la p\u00e1gina web, el canal de YouTube y las redes sociales de la Feria, con un marat\u00f3n de lectura virtual de&nbsp;<em>Obras completas (y otros cuentos)<\/em>, de Augusto Monterroso, autor a quien se conmemora por el centenario de su nacimiento. <\/p>\n\n\n\n<p>Asimismo se celebran 25 a\u00f1os de recibir el Premio Juan Rulfo en Guadalajara. Adem\u00e1s del marat\u00f3n de lectura, que la Feria realiza de manera ininterrumpida desde 2002, el p\u00fablico podr\u00e1 participar en diversas actividades que se realizar\u00e1n en las redes sociales de la FIL para poder obtener un ejemplar del libro.<\/p>\n\n\n\n<blockquote class=\"wp-block-quote is-layout-flow wp-block-quote-is-layout-flow\"><p>Este a\u00f1o, en atenci\u00f3n a las recomendaciones de la Mesa de Situaci\u00f3n en Salud por Covid-19 de la Universidad de Guadalajara (UdeG), el marat\u00f3n de lectura en voz alta se efectuar\u00e1 nuevamente de manera virtual. En esta ocasi\u00f3n se registraron 228 participantes, quienes leer\u00e1n de principio a fin el libro de Monterroso en una transmisi\u00f3n en vivo que comenzar\u00e1 a las 10:00 horas de este viernes 23. <\/p><\/blockquote>\n\n\n\n<p>La actividad ser\u00e1 inaugurada por Ra\u00fal Padilla L\u00f3pez, presidente de la FIL Guadalajara; Ricardo Villanueva Lomel\u00ed, rector general de la Universidad de Guadalajara (UdeG);&nbsp;Gabriel Gilberto Gonzzali Monterroso, nieto de Augusto Monterroso; Eduardo Fabi\u00e1n Mart\u00ednez Lomel\u00ed, presidente municipal suplente del Ayuntamiento de Guadalajara; Eliza F. Al-Laham, c\u00f3nsul general de Estados Unidos en Guadalajara; Susana Ch\u00e1vez Brandon, encargada de despacho Secretar\u00eda de Cultura Jalisco; C\u00e9sar Antonio Barba Delgadillo, director general del Sistema Educaci\u00f3n Media Superior de la UdeG, y Marisol Schulz Manaut, directora general de la Feria. Asimismo, se contar\u00e1 con la participaci\u00f3n de las escritoras Cecilia Eudave y Lola Ancira, as\u00ed como del escritor Alberto Ruy S\u00e1nchez.<\/p>\n\n\n\n<p>Los lectores inscritos a la lectura virtual recibir\u00e1n, como es tradici\u00f3n, un ejemplar de&nbsp;<em>Obras completas (y otros cuentos)<\/em>. Los paquetes se entregar\u00e1n en las oficinas de la Feria a partir del viernes 23 de abril.&nbsp;<\/p>\n\n\n\n<p>Para redondear la celebraci\u00f3n la FIL realizar\u00e1 una serie de actividades para que lectores de toda la Rep\u00fablica Mexicana puedan participar y ganar un ejemplar de Monterroso. Los interesados podr\u00e1n participar en una din\u00e1mica utilizando el texto predictivo de su celular para completar el cuento \u201cEl dinosaurio\u201d, de Augusto Monterroso, en alguna de las&nbsp;<em>trivias<\/em>&nbsp;en torno al autor guatemalteco o creado una minificci\u00f3n dedicada al autor homenajeado utilizando 140 caracteres como m\u00e1ximo. Toda la informaci\u00f3n y dem\u00e1s detalles de c\u00f3mo participar estar\u00e1n disponibles en las redes sociales de la FIL.<\/p>\n\n\n\n<p>Como en a\u00f1os anteriores, el Sistema de Educaci\u00f3n Media Superior (SEMS) de la Universidad de Guadalajara se sumar\u00e1 el 23 de abril a la celebraci\u00f3n del D\u00eda Mundial del Libro con su propio marat\u00f3n de lectura virtual en voz alta de&nbsp;<em>Obras completas (y otros cuentos)<\/em>, en el que participar\u00e1n alumnos de las preparatorias de la m\u00e1xima casa de estudios de Jalisco. Entre otras din\u00e1micas alrededor de la vida y obra de Tito Monterroso, el SEMS producir\u00e1 un video donde las y los estudiantes podr\u00e1n disfrazarse de alguno de sus personajes y leer\u00e1n alg\u00fan fragmento de su obra. Tambi\u00e9n se sumar\u00e1n a la lectura el Sistema Universitario de Bibliotecas, los centros universitarios de Ciencias Econ\u00f3mico Administrativas y del Norte de la Universidad de Guadalajara; el Ayuntamiento de Guadalajara; el Instituto de Cultura de Tlajomulco; la Secretar\u00eda de Educaci\u00f3n Jalisco a trav\u00e9s del Colegio de Bachilleres del Estado de Jalisco, y el Tecnol\u00f3gico Mario Molina Unidad Acad\u00e9mica Zapopan.<\/p>\n\n\n\n<p><strong>Sobre el D\u00eda Mundial del Libro<\/strong><\/p>\n\n\n\n<p>El D\u00eda Mundial del Libro es una celebraci\u00f3n creada desde 1995 por disposici\u00f3n y acuerdo de la Organizaci\u00f3n de las Naciones Unidas para la Educaci\u00f3n, la Ciencia y la Cultura (Unesco, por sus siglas en ingl\u00e9s). Desde 2002, la Feria Internacional del Libro de Guadalajara celebra este d\u00eda con un marat\u00f3n de lectura p\u00fablica en voz alta en alguna plaza p\u00fablica de Guadalajara, y que se replica en diversos municipios de Jalisco y otros estados. <\/p>\n","protected":false},"excerpt":{"rendered":"<p>GUADALAJARA.- La Feria Internacional del Libro de Guadalajara (FIL) festejar\u00e1 el D\u00eda Mundial del Libro este viernes 23 de abril, en la p\u00e1gina web, el canal de YouTube y las &hellip; <a href=\"https:\/\/lavereda.com.mx\/index.php\/2021\/04\/20\/dedican-el-dia-mundial-del-libro-a-augusto-monterroso\/\" class=\"more-link\">Leer m\u00e1s<\/a><\/p>\n","protected":false},"author":1,"featured_media":1545,"comment_status":"open","ping_status":"open","sticky":false,"template":"","format":"standard","meta":{"footnotes":""},"categories":[5,18],"tags":[],"class_list":["post-1544","post","type-post","status-publish","format-standard","has-post-thumbnail","hentry","category-letras-y-libros","category-lomasrelevante","entry"],"_links":{"self":[{"href":"https:\/\/lavereda.com.mx\/index.php\/wp-json\/wp\/v2\/posts\/1544","targetHints":{"allow":["GET"]}}],"collection":[{"href":"https:\/\/lavereda.com.mx\/index.php\/wp-json\/wp\/v2\/posts"}],"about":[{"href":"https:\/\/lavereda.com.mx\/index.php\/wp-json\/wp\/v2\/types\/post"}],"author":[{"embeddable":true,"href":"https:\/\/lavereda.com.mx\/index.php\/wp-json\/wp\/v2\/users\/1"}],"replies":[{"embeddable":true,"href":"https:\/\/lavereda.com.mx\/index.php\/wp-json\/wp\/v2\/comments?post=1544"}],"version-history":[{"count":2,"href":"https:\/\/lavereda.com.mx\/index.php\/wp-json\/wp\/v2\/posts\/1544\/revisions"}],"predecessor-version":[{"id":1547,"href":"https:\/\/lavereda.com.mx\/index.php\/wp-json\/wp\/v2\/posts\/1544\/revisions\/1547"}],"wp:featuredmedia":[{"embeddable":true,"href":"https:\/\/lavereda.com.mx\/index.php\/wp-json\/wp\/v2\/media\/1545"}],"wp:attachment":[{"href":"https:\/\/lavereda.com.mx\/index.php\/wp-json\/wp\/v2\/media?parent=1544"}],"wp:term":[{"taxonomy":"category","embeddable":true,"href":"https:\/\/lavereda.com.mx\/index.php\/wp-json\/wp\/v2\/categories?post=1544"},{"taxonomy":"post_tag","embeddable":true,"href":"https:\/\/lavereda.com.mx\/index.php\/wp-json\/wp\/v2\/tags?post=1544"}],"curies":[{"name":"wp","href":"https:\/\/api.w.org\/{rel}","templated":true}]}}