{"id":1540,"date":"2021-04-20T18:26:47","date_gmt":"2021-04-20T18:26:47","guid":{"rendered":"http:\/\/lavereda.com.mx\/?p=1540"},"modified":"2021-04-20T18:26:49","modified_gmt":"2021-04-20T18:26:49","slug":"los-riesgos-del-ocio-19","status":"publish","type":"post","link":"https:\/\/lavereda.com.mx\/index.php\/2021\/04\/20\/los-riesgos-del-ocio-19\/","title":{"rendered":"Los riesgos del ocio"},"content":{"rendered":"\n<p>El mes pasado asist\u00ed a la concentraci\u00f3n que con motivo del D\u00eda Internacional de la Mujer tuvo lugar en Torre\u00f3n en la plaza mayor. Ante la imposibilidad de organizar la marcha como la del a\u00f1o pasado donde cientos de mujeres se fueron agregando a la misma desde Lerdo hasta llegar a Torre\u00f3n, sin olvidar a las que se sumaron de G\u00f3mez y de todos los dem\u00e1s puntos de la Comarca, se realiz\u00f3 una reuni\u00f3n en la que otra vez fuimos cientos.<\/p>\n\n\n\n<p>La rabia ante la falta de legislaci\u00f3n a favor de la mujer, la tristeza por todas las desaparecidas y fallecidas a lo largo de la historia, la necesidad de visibilidad, la emoci\u00f3n de estar, todo eso y m\u00e1s se vivi\u00f3 el lunes 8 de marzo, una vez m\u00e1s.<\/p>\n\n\n\n<p>Las j\u00f3venes hicieron un cerco que ten\u00eda que ver con crear un \u00e1rea segura, un \u00e1rea protegida donde no ten\u00edan cabida los hombres. Batallaron un poco haci\u00e9ndolo puesto que todav\u00eda hay algunos que no entienden que las mujeres necesitan estar solas y sentir que hay seguridad, y parte de ella implica que no se encuentren cerca.<\/p>\n\n\n\n<p>Me acomod\u00e9 fuera del cerco, me sent\u00eda cansada despu\u00e9s de un d\u00eda largo de trabajo; quise estar con todas ellas, saber que todo cuenta, que el hecho de acompa\u00f1arnos y gritar, cantar, escuchar, apoyar y exigir es tambi\u00e9n una manera de llegar a conseguir algo. Hab\u00eda mujeres de todas las edades e incluso nombraron un \u00e1rea para abuelas y ni\u00f1os. No supe eso, si no me hubiera acomodado ah\u00ed. Junto a otras mujeres de m\u00e1s o menos mi edad. De todas formas, independientemente de nuestro vestuario, edad, color de cabello, comentamos entre nosotras, la tristeza nos alcanz\u00f3 por igual, la rabia nos levant\u00f3 el pu\u00f1o por igual al ver que despu\u00e9s de a\u00f1os, la violencia y falta de empat\u00eda social persiste.&nbsp;<\/p>\n\n\n\n<p>Este escrito puede parecer antiguo, digo, el ocho de marzo ya pas\u00f3 hace m\u00e1s de un mes. Pero no. Se presume que hay igual n\u00famero de legisladoras o incluso superan en n\u00famero a los hombres, pero a veces no dejo de pensar que es mera cuota de g\u00e9nero. No veo que cambie mucho el panorama en cuesti\u00f3n de leyes que castiguen o eviten el acoso, maltrato, violencia, asesinato que se comete en contra de tantas mujeres, ni\u00f1as, ancianas y beb\u00e9s, de manera gratuita, solo porque estaban ah\u00ed. La seguridad sigue siendo nula, los salarios siguen irregulares, la situaci\u00f3n de las madres solteras, insostenible, las j\u00f3venes en las calles siguen desapareciendo; y los asesinos siguen siendo el material con el que la autoridad se sigue burlando de todas nuestras muertas. Se conceden multas de ochocientos pesos a quien asesina a una ni\u00f1a de dos a\u00f1os. Se encarcela por la m\u00ednima cantidad de a\u00f1os a quien descuartiza, se ignora el clamor de las que fueron abusadas sexualmente por pol\u00edticos, se sigue culpabilizando a las v\u00edctimas.<\/p>\n\n\n\n<p>Tengo tiempo enojada, pero hoy estoy m\u00e1s. No puedo imaginar el dolor de perder un hijo, mucho menos un beb\u00e9. Pero si vivo la angustia de saber que los m\u00edos son j\u00f3venes,&nbsp;&nbsp;y andan en la calle, trabajando, en el transporte, en el caf\u00e9 o el bar. Y trato de borrar las im\u00e1genes terribles que el miedo coloca en el alma de las madres, pero la realidad supera cualquier terror ficticio.<\/p>\n","protected":false},"excerpt":{"rendered":"<p>El mes pasado asist\u00ed a la concentraci\u00f3n que con motivo del D\u00eda Internacional de la Mujer tuvo lugar en Torre\u00f3n en la plaza mayor. Ante la imposibilidad de organizar la &hellip; <a href=\"https:\/\/lavereda.com.mx\/index.php\/2021\/04\/20\/los-riesgos-del-ocio-19\/\" class=\"more-link\">Leer m\u00e1s<\/a><\/p>\n","protected":false},"author":11,"featured_media":1541,"comment_status":"open","ping_status":"open","sticky":false,"template":"","format":"standard","meta":{"footnotes":""},"categories":[12,9],"tags":[],"class_list":["post-1540","post","type-post","status-publish","format-standard","has-post-thumbnail","hentry","category-equidad","category-opinion","entry"],"_links":{"self":[{"href":"https:\/\/lavereda.com.mx\/index.php\/wp-json\/wp\/v2\/posts\/1540","targetHints":{"allow":["GET"]}}],"collection":[{"href":"https:\/\/lavereda.com.mx\/index.php\/wp-json\/wp\/v2\/posts"}],"about":[{"href":"https:\/\/lavereda.com.mx\/index.php\/wp-json\/wp\/v2\/types\/post"}],"author":[{"embeddable":true,"href":"https:\/\/lavereda.com.mx\/index.php\/wp-json\/wp\/v2\/users\/11"}],"replies":[{"embeddable":true,"href":"https:\/\/lavereda.com.mx\/index.php\/wp-json\/wp\/v2\/comments?post=1540"}],"version-history":[{"count":1,"href":"https:\/\/lavereda.com.mx\/index.php\/wp-json\/wp\/v2\/posts\/1540\/revisions"}],"predecessor-version":[{"id":1542,"href":"https:\/\/lavereda.com.mx\/index.php\/wp-json\/wp\/v2\/posts\/1540\/revisions\/1542"}],"wp:featuredmedia":[{"embeddable":true,"href":"https:\/\/lavereda.com.mx\/index.php\/wp-json\/wp\/v2\/media\/1541"}],"wp:attachment":[{"href":"https:\/\/lavereda.com.mx\/index.php\/wp-json\/wp\/v2\/media?parent=1540"}],"wp:term":[{"taxonomy":"category","embeddable":true,"href":"https:\/\/lavereda.com.mx\/index.php\/wp-json\/wp\/v2\/categories?post=1540"},{"taxonomy":"post_tag","embeddable":true,"href":"https:\/\/lavereda.com.mx\/index.php\/wp-json\/wp\/v2\/tags?post=1540"}],"curies":[{"name":"wp","href":"https:\/\/api.w.org\/{rel}","templated":true}]}}