{"id":154,"date":"2020-08-15T02:28:58","date_gmt":"2020-08-15T02:28:58","guid":{"rendered":"https:\/\/web.lavereda.com.mx\/?p=154"},"modified":"2020-08-15T02:32:03","modified_gmt":"2020-08-15T02:32:03","slug":"compania-pajaros-teatro-estrena-diana-y-la-sombra","status":"publish","type":"post","link":"https:\/\/lavereda.com.mx\/index.php\/2020\/08\/15\/compania-pajaros-teatro-estrena-diana-y-la-sombra\/","title":{"rendered":"Compa\u00f1\u00eda P\u00e1jaros Teatro estrena: Diana y la Sombra"},"content":{"rendered":"\n<p>La agrupaci\u00f3n P\u00e1jaros Teatro, junto con Circo Volador y Zorro Rojo Films presentar\u00e1n de manera virtual el ejercicio teatral \u201cDiana y la sombra\u201d el 5, 12 y 19 de julio a las 12:00 horas, como parte de la programaci\u00f3n de la Secretar\u00eda de Cultura federal \u201cContigo a la distancia\u201d.<\/p>\n\n\n\n<p>En este proyecto participa en la dramaturgia y direcci\u00f3n la actriz lagunera Claudia Espinoza, quien tambi\u00e9n forma parte del elenco junto con Jheraldy Palencia, Evangelina Mart\u00ednez, Gerardo V\u00e1zquez Ledezma y la actuaci\u00f3n especial de Alejandra Ley.<\/p>\n\n\n\n<hr class=\"wp-block-separator\" id=\"system-readmore\"\/>\n\n\n\n<p><em>Diana y la sombra<\/em>&nbsp;es un ejercicio teatral interdisciplinario, creado desde el confinamiento, en el que se entrelazan el teatro y el cine con recursos como las marionetas y el teatro de papel para presentar la historia de Diana, una ni\u00f1a de cinco a\u00f1os que vive en el encierro con sus pap\u00e1s y que una noche descubre una misteriosa presencia que acecha a su familia y no la deja dormir, por lo que, en compa\u00f1\u00eda de Eugenia, Groto y Kantor, sus amigas cucarachas, emprender\u00e1 una cruzada para enfrentar a la presencia y, de pasada, ayudar a su mam\u00e1 con las tareas del hogar.<\/p>\n\n\n\n<p>Dirigida a p\u00fablico infantil y familiar, la obra toca el tema de la violencia intrafamiliar y su exacerbaci\u00f3n durante el&nbsp;&nbsp;confinamiento.<\/p>\n\n\n\n<p>Este proyecto fue realizado gracias al apoyo otorgado por la Secretar\u00eda de Cultura y el Centro Cultural Hel\u00e9nico la convocatoria a trav\u00e9s de la convocatoria Espacios esc\u00e9nicos independientes en resiliencia \u2014lanzada con el objetivo de apoyar la creaci\u00f3n esc\u00e9nica y la actividad de los espacios esc\u00e9nicos independientes del pa\u00eds\u2014 y formar\u00e1 parte del contenido de la plataforma&nbsp;<em>Contigo en la distancia<\/em>.<\/p>\n\n\n\n<p>Para acceder a la transmisi\u00f3n hay que escribir un correo a:&nbsp;<a href=\"mailto:trinardelospajaros@gmail.com\">trinardelospajaros@gmail.com<\/a>.<\/p>\n","protected":false},"excerpt":{"rendered":"<p>La agrupaci\u00f3n P\u00e1jaros Teatro, junto con Circo Volador y Zorro Rojo Films presentar\u00e1n de manera virtual el ejercicio teatral \u201cDiana y la sombra\u201d el 5, 12 y 19 de julio a las 12:00 horas, como parte de la programaci\u00f3n de la Secretar\u00eda de Cultura federal \u201cContigo a la distancia\u201d.<\/p>\n","protected":false},"author":1,"featured_media":156,"comment_status":"open","ping_status":"open","sticky":false,"template":"","format":"standard","meta":{"footnotes":""},"categories":[2],"tags":[],"class_list":["post-154","post","type-post","status-publish","format-standard","has-post-thumbnail","hentry","category-artes-escenicas","entry"],"_links":{"self":[{"href":"https:\/\/lavereda.com.mx\/index.php\/wp-json\/wp\/v2\/posts\/154","targetHints":{"allow":["GET"]}}],"collection":[{"href":"https:\/\/lavereda.com.mx\/index.php\/wp-json\/wp\/v2\/posts"}],"about":[{"href":"https:\/\/lavereda.com.mx\/index.php\/wp-json\/wp\/v2\/types\/post"}],"author":[{"embeddable":true,"href":"https:\/\/lavereda.com.mx\/index.php\/wp-json\/wp\/v2\/users\/1"}],"replies":[{"embeddable":true,"href":"https:\/\/lavereda.com.mx\/index.php\/wp-json\/wp\/v2\/comments?post=154"}],"version-history":[{"count":1,"href":"https:\/\/lavereda.com.mx\/index.php\/wp-json\/wp\/v2\/posts\/154\/revisions"}],"predecessor-version":[{"id":155,"href":"https:\/\/lavereda.com.mx\/index.php\/wp-json\/wp\/v2\/posts\/154\/revisions\/155"}],"wp:featuredmedia":[{"embeddable":true,"href":"https:\/\/lavereda.com.mx\/index.php\/wp-json\/wp\/v2\/media\/156"}],"wp:attachment":[{"href":"https:\/\/lavereda.com.mx\/index.php\/wp-json\/wp\/v2\/media?parent=154"}],"wp:term":[{"taxonomy":"category","embeddable":true,"href":"https:\/\/lavereda.com.mx\/index.php\/wp-json\/wp\/v2\/categories?post=154"},{"taxonomy":"post_tag","embeddable":true,"href":"https:\/\/lavereda.com.mx\/index.php\/wp-json\/wp\/v2\/tags?post=154"}],"curies":[{"name":"wp","href":"https:\/\/api.w.org\/{rel}","templated":true}]}}