{"id":1537,"date":"2021-04-20T01:25:28","date_gmt":"2021-04-20T01:25:28","guid":{"rendered":"http:\/\/lavereda.com.mx\/?p=1537"},"modified":"2021-04-20T01:25:30","modified_gmt":"2021-04-20T01:25:30","slug":"inauguran-la-exposicion-ensonaciones-y-emociones","status":"publish","type":"post","link":"https:\/\/lavereda.com.mx\/index.php\/2021\/04\/20\/inauguran-la-exposicion-ensonaciones-y-emociones\/","title":{"rendered":"Inauguran la exposici\u00f3n: Enso\u00f1aciones y emociones"},"content":{"rendered":"\n<p>\u201cEnso\u00f1aciones y emociones\u201d es el t\u00edtulo de la m\u00e1s reciente obra pict\u00f3rica de la artista lagunera Lily Barrera, quien expondr\u00e1 en la Galer\u00eda de Arte del Departamento de Difusi\u00f3n Cultural (DDC) de la Universidad Aut\u00f3noma de Coahuila en Torre\u00f3n.<\/p>\n\n\n\n<p>La inauguraci\u00f3n se realizar\u00e1 el martes 20 de abril a las 12:00 horas, en una ceremonia que se transmitir\u00e1 en vivo a trav\u00e9s de la plataforma facebook live, y que encabezar\u00e1 la titular de la UT, Sandra L\u00f3pez Chavarr\u00eda.<\/p>\n\n\n\n<p>Lily Barrera Jayme ha sumado a su vocaci\u00f3n art\u00edstica un permanente aprendizaje desde hace 20 a\u00f1os, lo que le ha valido participar y ganar diferentes concursos de pintura, lo que refleja su preparaci\u00f3n lograda en la Academia de Bellas Artes de San Carlos (Ciudad de M\u00e9xico), adem\u00e1s de otras instituciones como la Casa del Artista Ana Mary Bringas (en Torre\u00f3n).<\/p>\n\n\n\n<p>Sus cuadros, que tocan diferentes temas, est\u00e1n llenos de humanismo, de un colorido y figuraciones realistas y ficticias que dejan asomar el talento, el sentido, el olfato y la mirada acuciosa de una artista que ha alcanzado ya su madurez y que acept\u00f3 la invitaci\u00f3n de la Universidad Aut\u00f3noma de Coahuila para mostrar su obra pict\u00f3rica que, como el t\u00edtulo que lleva, surge y provoca enso\u00f1aciones y emociones a quienes conocen sus trabajos; dio a conocer el Departamento de Difusi\u00f3n Cultural.<\/p>\n\n\n\n<p>Lily ha llevado su arte y expuesto en espacios culturales, p\u00fablicos y hoteles de la regi\u00f3n lagunera, as\u00ed como en Real de Catorce (SLP), Saltillo, y en la conocida Ahora Gallery de Nueva York.<\/p>\n\n\n\n<p>La exposici\u00f3n estar\u00e1 disponible al p\u00fablico del martes 20 de abril al viernes 7 de mayo, con ingreso libre.<\/p>\n","protected":false},"excerpt":{"rendered":"<p>\u201cEnso\u00f1aciones y emociones\u201d es el t\u00edtulo de la m\u00e1s reciente obra pict\u00f3rica de la artista lagunera Lily Barrera, quien expondr\u00e1 en la Galer\u00eda de Arte del Departamento de Difusi\u00f3n Cultural &hellip; <a href=\"https:\/\/lavereda.com.mx\/index.php\/2021\/04\/20\/inauguran-la-exposicion-ensonaciones-y-emociones\/\" class=\"more-link\">Leer m\u00e1s<\/a><\/p>\n","protected":false},"author":1,"featured_media":1538,"comment_status":"open","ping_status":"open","sticky":false,"template":"","format":"standard","meta":{"footnotes":""},"categories":[3],"tags":[],"class_list":["post-1537","post","type-post","status-publish","format-standard","has-post-thumbnail","hentry","category-artes-visuales","entry"],"_links":{"self":[{"href":"https:\/\/lavereda.com.mx\/index.php\/wp-json\/wp\/v2\/posts\/1537","targetHints":{"allow":["GET"]}}],"collection":[{"href":"https:\/\/lavereda.com.mx\/index.php\/wp-json\/wp\/v2\/posts"}],"about":[{"href":"https:\/\/lavereda.com.mx\/index.php\/wp-json\/wp\/v2\/types\/post"}],"author":[{"embeddable":true,"href":"https:\/\/lavereda.com.mx\/index.php\/wp-json\/wp\/v2\/users\/1"}],"replies":[{"embeddable":true,"href":"https:\/\/lavereda.com.mx\/index.php\/wp-json\/wp\/v2\/comments?post=1537"}],"version-history":[{"count":1,"href":"https:\/\/lavereda.com.mx\/index.php\/wp-json\/wp\/v2\/posts\/1537\/revisions"}],"predecessor-version":[{"id":1539,"href":"https:\/\/lavereda.com.mx\/index.php\/wp-json\/wp\/v2\/posts\/1537\/revisions\/1539"}],"wp:featuredmedia":[{"embeddable":true,"href":"https:\/\/lavereda.com.mx\/index.php\/wp-json\/wp\/v2\/media\/1538"}],"wp:attachment":[{"href":"https:\/\/lavereda.com.mx\/index.php\/wp-json\/wp\/v2\/media?parent=1537"}],"wp:term":[{"taxonomy":"category","embeddable":true,"href":"https:\/\/lavereda.com.mx\/index.php\/wp-json\/wp\/v2\/categories?post=1537"},{"taxonomy":"post_tag","embeddable":true,"href":"https:\/\/lavereda.com.mx\/index.php\/wp-json\/wp\/v2\/tags?post=1537"}],"curies":[{"name":"wp","href":"https:\/\/api.w.org\/{rel}","templated":true}]}}