{"id":1534,"date":"2021-04-19T18:27:40","date_gmt":"2021-04-19T18:27:40","guid":{"rendered":"http:\/\/lavereda.com.mx\/?p=1534"},"modified":"2021-04-20T18:30:25","modified_gmt":"2021-04-20T18:30:25","slug":"el-emsamble-i-solisti-se-presentara-en-el-tim","status":"publish","type":"post","link":"https:\/\/lavereda.com.mx\/index.php\/2021\/04\/19\/el-emsamble-i-solisti-se-presentara-en-el-tim\/","title":{"rendered":"El ensamble I Solisti se presentar\u00e1 en el TIM"},"content":{"rendered":"\n<p>Este martes 20&nbsp;&nbsp;de abril I Solisti DIME, ensamble de j\u00f3venes laguneros dirigido por el maestro Miguel \u00c1ngel Garc\u00eda se presentar\u00e1 en el Teatro Isauro Mart\u00ednez (TIM) de manera virtual&nbsp;&nbsp;a trav\u00e9s de su p\u00e1gina de Facebook. Ser\u00e1 en punto de las 19:00 horas.<\/p>\n\n\n\n<p>I Solisti quiere decir \u00abLos Solistas\u00bb en italiano, c\u00f3mo todos los ensambles musicales en el mundo, las orquestas DIME tuvieron que suspender actividades por el tema de COVID-19 por m\u00e1s de un a\u00f1o.<\/p>\n\n\n\n<p>A partir de qu\u00e9 los protocolos oficiales de salud comenzaron a permitirlo, DIME inici\u00f3 su proyecto \u00abARMONIA A LA DISTANCIA\u00bb. Esta iniciativa consisti\u00f3 en realizar ensayos con un ensamble peque\u00f1o de 13 m\u00fasicos formado por 5 maestros y los 8 mejores j\u00f3venes del sistema DIME.<\/p>\n\n\n\n<p>\u201cLos ensayos comenzaron en febrero de este a\u00f1o teniendo como sede un parque p\u00fablico al aire libre y respetando la sana distancia. Ello ha implicado muchos problemas pues simplemente no hay ac\u00fastica, hay mucho ruido y miles de distractores, desde perros callejeros hasta ventarrones laguneros que hac\u00edan volar las partituras. Sin embargo, todo se justific\u00f3 por el hecho de estar juntos haciendo m\u00fasica\u201d, comentaron los organizadores.&nbsp;<\/p>\n\n\n\n<p>El programa es el siguiente:<\/p>\n\n\n\n<ul class=\"wp-block-list\"><li>1. Allegro del Concerto Grosso Op 6 No. 12 de Arcangelo Corelli.<\/li><li>2. Concierto para viol\u00edn en Sol mayor de G.P. Telemann<\/li><li>3. Concerto Grosso Op 6 No 4 de Arcangelo Corelli.<\/li><li>4. Sinfon\u00eda para Trompeta y orquesta de cuerdas de Giuseppe Torelli.<\/li><li>5. Concierto para cello y orquesta RV 399 de A. Vivaldi<\/li><li>6. Concierto para viol\u00edn \u00abLa Primavera\u00bb de A. Vivaldi.<\/li><\/ul>\n\n\n\n<p>Posible encore:<\/p>\n\n\n\n<p>Peque\u00f1a Serenata Nocturna de Mozart.<\/p>\n\n\n\n<p>DIME, Desarrollo Integral del Menor A.C. impacta al 2021 a m\u00e1s de 650 ni\u00f1os y j\u00f3venes llevando hasta sus localidades, formaci\u00f3n musical como medio para el fortalecimiento del autoestima y para su integraci\u00f3n a la comunidad. DIME inici\u00f3 en 2019, de la misma manera, la formaci\u00f3n de la primera orquesta de sinf\u00f3nica en el CERESO de Torre\u00f3n. Las clases se reiniciar\u00e1n en el mes de mayo en el penal.<\/p>\n\n\n\n<p><\/p>\n","protected":false},"excerpt":{"rendered":"<p>Este martes 20&nbsp;&nbsp;de abril I Solisti DIME, ensamble de j\u00f3venes laguneros dirigido por el maestro Miguel \u00c1ngel Garc\u00eda se presentar\u00e1 en el Teatro Isauro Mart\u00ednez (TIM) de manera virtual&nbsp;&nbsp;a trav\u00e9s &hellip; <a href=\"https:\/\/lavereda.com.mx\/index.php\/2021\/04\/19\/el-emsamble-i-solisti-se-presentara-en-el-tim\/\" class=\"more-link\">Leer m\u00e1s<\/a><\/p>\n","protected":false},"author":1,"featured_media":1535,"comment_status":"open","ping_status":"open","sticky":false,"template":"","format":"standard","meta":{"footnotes":""},"categories":[11,4],"tags":[],"class_list":["post-1534","post","type-post","status-publish","format-standard","has-post-thumbnail","hentry","category-agenda","category-musica","entry"],"_links":{"self":[{"href":"https:\/\/lavereda.com.mx\/index.php\/wp-json\/wp\/v2\/posts\/1534","targetHints":{"allow":["GET"]}}],"collection":[{"href":"https:\/\/lavereda.com.mx\/index.php\/wp-json\/wp\/v2\/posts"}],"about":[{"href":"https:\/\/lavereda.com.mx\/index.php\/wp-json\/wp\/v2\/types\/post"}],"author":[{"embeddable":true,"href":"https:\/\/lavereda.com.mx\/index.php\/wp-json\/wp\/v2\/users\/1"}],"replies":[{"embeddable":true,"href":"https:\/\/lavereda.com.mx\/index.php\/wp-json\/wp\/v2\/comments?post=1534"}],"version-history":[{"count":2,"href":"https:\/\/lavereda.com.mx\/index.php\/wp-json\/wp\/v2\/posts\/1534\/revisions"}],"predecessor-version":[{"id":1543,"href":"https:\/\/lavereda.com.mx\/index.php\/wp-json\/wp\/v2\/posts\/1534\/revisions\/1543"}],"wp:featuredmedia":[{"embeddable":true,"href":"https:\/\/lavereda.com.mx\/index.php\/wp-json\/wp\/v2\/media\/1535"}],"wp:attachment":[{"href":"https:\/\/lavereda.com.mx\/index.php\/wp-json\/wp\/v2\/media?parent=1534"}],"wp:term":[{"taxonomy":"category","embeddable":true,"href":"https:\/\/lavereda.com.mx\/index.php\/wp-json\/wp\/v2\/categories?post=1534"},{"taxonomy":"post_tag","embeddable":true,"href":"https:\/\/lavereda.com.mx\/index.php\/wp-json\/wp\/v2\/tags?post=1534"}],"curies":[{"name":"wp","href":"https:\/\/api.w.org\/{rel}","templated":true}]}}