{"id":1528,"date":"2021-04-18T02:01:28","date_gmt":"2021-04-18T02:01:28","guid":{"rendered":"http:\/\/lavereda.com.mx\/?p=1528"},"modified":"2021-04-18T02:01:30","modified_gmt":"2021-04-18T02:01:30","slug":"rudo-y-cursi","status":"publish","type":"post","link":"https:\/\/lavereda.com.mx\/index.php\/2021\/04\/18\/rudo-y-cursi\/","title":{"rendered":"Rudo y Cursi"},"content":{"rendered":"\n<p><strong>(Rudo y Cursi, 2008)<\/strong><\/p>\n\n\n\n<p>El genio de la pluma Carlos Cuar\u00f3n escribe y dirige esta que es una de las mejores pel\u00edculas mexicanas del nuevo milenio.<\/p>\n\n\n\n<p>Soberbia comedia, mezcla intensidad futbolera con cr\u00edtica social sobre las formas inescrupulosas que algunos usan para prosperar. Presenta como estelares a los frescos Diego Luna y Gael Garc\u00eda, que reciben los motes que le dan t\u00edtulo a la historia. Son los hermanos Beto y Tato, que tienen talento excepcional para jugar futbol y son descubiertos por un p\u00edcaro promotor que los hace ascender lo que, parad\u00f3jicamente, provocar\u00e1 su ruina personal.<\/p>\n\n\n\n<p>Toda la an\u00e9cdota es una oda hacia lo que significa ser un naco, en su mayor y m\u00e1s clara acepci\u00f3n. Estos muchachos viven en un pueblo empobrecido, que es como estampa del subdesarrollo de la zona. Crecen en medio de la infracultura y cuando descubren el mundo, la molicie y el confort, tratan de interpretar todo desde su propia perspectiva, en la que prevalecen el mal gusto y las buenas intenciones.<\/p>\n\n\n\n<p>El destino los lleva a colocarse en bandos opuestos de la competencia, y deben luchar a muerte por la gloria.<\/p>\n\n\n\n<p>Se percibe el gusto de Cuar\u00f3n por el futbol. Las escenas en el terreno de juego son muy bien logradas, en un universo inventado del balompi\u00e9 profesional, que es una clara parodia de la liga mexicana, la fabricaci\u00f3n de sus estrellas y c\u00f3mo se desubican, cuando reciben atenci\u00f3n masiva y colectan dinero, que pueden derrochar como nunca antes en su vida.<\/p>\n\n\n\n<p>Rudo y Cursi es una maravilla.<\/p>\n\n\n\n<p>(R. Restringido; menores de 17 deben estar acompa\u00f1ados de sus padres)<\/p>\n\n\n\n<p>Netflix<\/p>\n\n\n\n<p>@LucianoCamposG<\/p>\n","protected":false},"excerpt":{"rendered":"<p>(Rudo y Cursi, 2008) El genio de la pluma Carlos Cuar\u00f3n escribe y dirige esta que es una de las mejores pel\u00edculas mexicanas del nuevo milenio. Soberbia comedia, mezcla intensidad &hellip; <a href=\"https:\/\/lavereda.com.mx\/index.php\/2021\/04\/18\/rudo-y-cursi\/\" class=\"more-link\">Leer m\u00e1s<\/a><\/p>\n","protected":false},"author":3,"featured_media":1529,"comment_status":"open","ping_status":"open","sticky":false,"template":"","format":"standard","meta":{"footnotes":""},"categories":[6],"tags":[],"class_list":["post-1528","post","type-post","status-publish","format-standard","has-post-thumbnail","hentry","category-cinetv","entry"],"_links":{"self":[{"href":"https:\/\/lavereda.com.mx\/index.php\/wp-json\/wp\/v2\/posts\/1528","targetHints":{"allow":["GET"]}}],"collection":[{"href":"https:\/\/lavereda.com.mx\/index.php\/wp-json\/wp\/v2\/posts"}],"about":[{"href":"https:\/\/lavereda.com.mx\/index.php\/wp-json\/wp\/v2\/types\/post"}],"author":[{"embeddable":true,"href":"https:\/\/lavereda.com.mx\/index.php\/wp-json\/wp\/v2\/users\/3"}],"replies":[{"embeddable":true,"href":"https:\/\/lavereda.com.mx\/index.php\/wp-json\/wp\/v2\/comments?post=1528"}],"version-history":[{"count":1,"href":"https:\/\/lavereda.com.mx\/index.php\/wp-json\/wp\/v2\/posts\/1528\/revisions"}],"predecessor-version":[{"id":1530,"href":"https:\/\/lavereda.com.mx\/index.php\/wp-json\/wp\/v2\/posts\/1528\/revisions\/1530"}],"wp:featuredmedia":[{"embeddable":true,"href":"https:\/\/lavereda.com.mx\/index.php\/wp-json\/wp\/v2\/media\/1529"}],"wp:attachment":[{"href":"https:\/\/lavereda.com.mx\/index.php\/wp-json\/wp\/v2\/media?parent=1528"}],"wp:term":[{"taxonomy":"category","embeddable":true,"href":"https:\/\/lavereda.com.mx\/index.php\/wp-json\/wp\/v2\/categories?post=1528"},{"taxonomy":"post_tag","embeddable":true,"href":"https:\/\/lavereda.com.mx\/index.php\/wp-json\/wp\/v2\/tags?post=1528"}],"curies":[{"name":"wp","href":"https:\/\/api.w.org\/{rel}","templated":true}]}}