{"id":1522,"date":"2021-04-16T15:19:10","date_gmt":"2021-04-16T15:19:10","guid":{"rendered":"http:\/\/lavereda.com.mx\/?p=1522"},"modified":"2021-04-16T15:19:12","modified_gmt":"2021-04-16T15:19:12","slug":"con-la-caravana-cultural-inician-actividades-presenciales","status":"publish","type":"post","link":"https:\/\/lavereda.com.mx\/index.php\/2021\/04\/16\/con-la-caravana-cultural-inician-actividades-presenciales\/","title":{"rendered":"Con la Caravana Cultural inician actividades presenciales"},"content":{"rendered":"\n<p>La Secretar\u00eda de Cultura en Coahuila inform\u00f3 que la Caravana Cultural abrir\u00e1 un espacio presencial de esparcimiento en zonas del estado en las que se dificulta el acceso digital a las actividades art\u00edsticas y l\u00fadicas.<\/p>\n\n\n\n<p>Este proyecto tuvo su arranque hace 3 a\u00f1os y ya visit\u00f3 todas las regiones de Coahuila, inform\u00f3 la instituci\u00f3n en comunicado. En su segunda vuelta a la regi\u00f3n, se ha definido como un programa art\u00edstico y cultural para la convivencia responsable.<\/p>\n\n\n\n<blockquote class=\"wp-block-quote is-layout-flow wp-block-quote-is-layout-flow\"><p>\u00abAdem\u00e1s permite poco a poco regresar a las actividades presenciales para as\u00ed tener un momento de sano esparcimiento, guardando siempre los protocolos y las medidas de sana distancia indicadas por el Sector Salud\u00bb.<\/p><\/blockquote>\n\n\n\n<p>La Caravana inici\u00f3 el jueves su recorrido con  \u00abCine en tu comunidad\u00bb. El viernes, s\u00e1bado y domingo se presenta un programa art\u00edstico en diversos espacios arrancando este viernes en el Municipio de Francisco I Madero a las 17:00 horas en la Plaza Ju\u00e1rez.<\/p>\n\n\n\n<p>Para el s\u00e1bado, estar\u00e1 a las 18:00 horas en la techumbre de la calle Okayama, en la Colonia Sol de Oriente, en Torre\u00f3n, y para el domingo 18 llegar\u00e1 a la plaza del Ejido La Uni\u00f3n, Municipio de Torre\u00f3n, a las 18:00 horas, donde estar\u00e1n\u00a0 present\u00e1ndose diversos grupos de cuentacuentos, m\u00fasica, danza, teatro y talleres, cont\u00e1ndose adem\u00e1s con talento local.\u00a0<\/p>\n\n\n\n<p>Entre los artistas invitados este fin de semana se encuentran Ponch\u00edn, Compa\u00f1\u00eda de Danza Folcl\u00f3rica Nahucalli, Gavil\u00e1n y Gaviota, Dueto Contraste, Mariana Amaya (flamenco) y los talleristas Tere Hern\u00e1ndez, Guillermo Ram\u00edrez y Lorena Torres, entre otros.<\/p>\n","protected":false},"excerpt":{"rendered":"<p>La Secretar\u00eda de Cultura en Coahuila inform\u00f3 que la Caravana Cultural abrir\u00e1 un espacio presencial de esparcimiento en zonas del estado en las que se dificulta el acceso digital a &hellip; <a href=\"https:\/\/lavereda.com.mx\/index.php\/2021\/04\/16\/con-la-caravana-cultural-inician-actividades-presenciales\/\" class=\"more-link\">Leer m\u00e1s<\/a><\/p>\n","protected":false},"author":9,"featured_media":1523,"comment_status":"open","ping_status":"open","sticky":false,"template":"","format":"standard","meta":{"footnotes":""},"categories":[2],"tags":[],"class_list":["post-1522","post","type-post","status-publish","format-standard","has-post-thumbnail","hentry","category-artes-escenicas","entry"],"_links":{"self":[{"href":"https:\/\/lavereda.com.mx\/index.php\/wp-json\/wp\/v2\/posts\/1522","targetHints":{"allow":["GET"]}}],"collection":[{"href":"https:\/\/lavereda.com.mx\/index.php\/wp-json\/wp\/v2\/posts"}],"about":[{"href":"https:\/\/lavereda.com.mx\/index.php\/wp-json\/wp\/v2\/types\/post"}],"author":[{"embeddable":true,"href":"https:\/\/lavereda.com.mx\/index.php\/wp-json\/wp\/v2\/users\/9"}],"replies":[{"embeddable":true,"href":"https:\/\/lavereda.com.mx\/index.php\/wp-json\/wp\/v2\/comments?post=1522"}],"version-history":[{"count":1,"href":"https:\/\/lavereda.com.mx\/index.php\/wp-json\/wp\/v2\/posts\/1522\/revisions"}],"predecessor-version":[{"id":1524,"href":"https:\/\/lavereda.com.mx\/index.php\/wp-json\/wp\/v2\/posts\/1522\/revisions\/1524"}],"wp:featuredmedia":[{"embeddable":true,"href":"https:\/\/lavereda.com.mx\/index.php\/wp-json\/wp\/v2\/media\/1523"}],"wp:attachment":[{"href":"https:\/\/lavereda.com.mx\/index.php\/wp-json\/wp\/v2\/media?parent=1522"}],"wp:term":[{"taxonomy":"category","embeddable":true,"href":"https:\/\/lavereda.com.mx\/index.php\/wp-json\/wp\/v2\/categories?post=1522"},{"taxonomy":"post_tag","embeddable":true,"href":"https:\/\/lavereda.com.mx\/index.php\/wp-json\/wp\/v2\/tags?post=1522"}],"curies":[{"name":"wp","href":"https:\/\/api.w.org\/{rel}","templated":true}]}}