{"id":1519,"date":"2021-04-14T15:25:22","date_gmt":"2021-04-14T15:25:22","guid":{"rendered":"http:\/\/lavereda.com.mx\/?p=1519"},"modified":"2021-04-14T15:25:24","modified_gmt":"2021-04-14T15:25:24","slug":"mexico-recupera-urna-maya-creada-entre-900-1600-d-c","status":"publish","type":"post","link":"https:\/\/lavereda.com.mx\/index.php\/2021\/04\/14\/mexico-recupera-urna-maya-creada-entre-900-1600-d-c\/","title":{"rendered":"M\u00e9xico recupera urna maya creada entre 900 &#8211; 1600 d.C."},"content":{"rendered":"\n<ul class=\"wp-block-list\"><li><strong>La pieza, procedente de la localidad arqueol\u00f3gica Laguna Peth\u00e1, en Chiapas, desde 1969 se encuentra en el Albion College, en Michigan<\/strong><\/li><\/ul>\n\n\n\n<p>La Secretar\u00eda de Cultura y la de Relaciones Exteriores, a trav\u00e9s del Instituto Nacional de Antropolog\u00eda e Historia (INAH) y del Consulado en Detroit, Michigan, respectivamente, har\u00e1n posible el regreso al pa\u00eds de una urna maya, elaborada entre los a\u00f1os 900 &#8211; 1600 d.C, considerada por los especialistas de alto valor hist\u00f3rico y que, desde 1969, se encuentra en el Albion College, en Michigan, Estados Unidos.<\/p>\n\n\n\n<p>En un esp\u00edritu de cooperaci\u00f3n, las autoridades del Albion College y del Consulado de M\u00e9xico en Detroit firmaron este 13 de abril en dicha universidad, un acuerdo para repatriar la urna maya a M\u00e9xico, al Museo de los Altos, ubicado en San Crist\u00f3bal de las Casas, Chiapas, y mostrarla junto con una urna gemela que se encuentra en exhibici\u00f3n en ese recinto.<\/p>\n\n\n\n<p>La ceremonia cont\u00f3 con la participaci\u00f3n del director del Albion College, Mathew Johnson; el c\u00f3nsul de M\u00e9xico en Detroit, Fernando Gonz\u00e1lez Saiffe; el profesor de Arizona State University, Joel Palka, y el arque\u00f3logo del INAH, Josuh\u00e9 Lozada&nbsp;\u2014quienes han trabajado conjuntamente en la investigaci\u00f3n e iconograf\u00eda de esta pieza maya\u2014; y, de manera virtual, el director general del INAH, Diego Prieto Hern\u00e1ndez.<\/p>\n\n\n\n<p>El acuerdo de restituci\u00f3n de la urna maya es fruto de los esfuerzos en materia de diplomacia y cooperaci\u00f3n cultural internacional para la recuperaci\u00f3n de bienes culturales.<\/p>\n\n\n\n<p>Las autoridades consulares destacaron que esta pieza, procedente de la localidad arqueol\u00f3gica Laguna Peth\u00e1, en Chiapas, tiene un valor intr\u00ednsecamente ligado a la historia y al contexto de sus pueblos de origen, cuya restituci\u00f3n es importante para su capital cultural y para el entendimiento y valorizaci\u00f3n de su pasado y desarrollo.<\/p>\n\n\n\n<p>Se\u00f1alaron que este acto abona al mensaje de sensibilizaci\u00f3n sobre la importancia de la restituci\u00f3n de bienes culturales a sus lugares de origen.<\/p>\n\n\n\n<p>La recuperaci\u00f3n de esta urna maya y reunificaci\u00f3n con su pieza gemela representan un acto de gran importancia para M\u00e9xico y su patrimonio hist\u00f3rico; adem\u00e1s, permite reforzar los v\u00ednculos culturales y de amistad, en materia de patrimonio cultural, entre M\u00e9xico y Estados Unidos.<\/p>\n","protected":false},"excerpt":{"rendered":"<p>La pieza, procedente de la localidad arqueol\u00f3gica Laguna Peth\u00e1, en Chiapas, desde 1969 se encuentra en el Albion College, en Michigan La Secretar\u00eda de Cultura y la de Relaciones Exteriores, &hellip; <a href=\"https:\/\/lavereda.com.mx\/index.php\/2021\/04\/14\/mexico-recupera-urna-maya-creada-entre-900-1600-d-c\/\" class=\"more-link\">Leer m\u00e1s<\/a><\/p>\n","protected":false},"author":1,"featured_media":1520,"comment_status":"open","ping_status":"open","sticky":false,"template":"","format":"standard","meta":{"footnotes":""},"categories":[3,18],"tags":[],"class_list":["post-1519","post","type-post","status-publish","format-standard","has-post-thumbnail","hentry","category-artes-visuales","category-lomasrelevante","entry"],"_links":{"self":[{"href":"https:\/\/lavereda.com.mx\/index.php\/wp-json\/wp\/v2\/posts\/1519","targetHints":{"allow":["GET"]}}],"collection":[{"href":"https:\/\/lavereda.com.mx\/index.php\/wp-json\/wp\/v2\/posts"}],"about":[{"href":"https:\/\/lavereda.com.mx\/index.php\/wp-json\/wp\/v2\/types\/post"}],"author":[{"embeddable":true,"href":"https:\/\/lavereda.com.mx\/index.php\/wp-json\/wp\/v2\/users\/1"}],"replies":[{"embeddable":true,"href":"https:\/\/lavereda.com.mx\/index.php\/wp-json\/wp\/v2\/comments?post=1519"}],"version-history":[{"count":1,"href":"https:\/\/lavereda.com.mx\/index.php\/wp-json\/wp\/v2\/posts\/1519\/revisions"}],"predecessor-version":[{"id":1521,"href":"https:\/\/lavereda.com.mx\/index.php\/wp-json\/wp\/v2\/posts\/1519\/revisions\/1521"}],"wp:featuredmedia":[{"embeddable":true,"href":"https:\/\/lavereda.com.mx\/index.php\/wp-json\/wp\/v2\/media\/1520"}],"wp:attachment":[{"href":"https:\/\/lavereda.com.mx\/index.php\/wp-json\/wp\/v2\/media?parent=1519"}],"wp:term":[{"taxonomy":"category","embeddable":true,"href":"https:\/\/lavereda.com.mx\/index.php\/wp-json\/wp\/v2\/categories?post=1519"},{"taxonomy":"post_tag","embeddable":true,"href":"https:\/\/lavereda.com.mx\/index.php\/wp-json\/wp\/v2\/tags?post=1519"}],"curies":[{"name":"wp","href":"https:\/\/api.w.org\/{rel}","templated":true}]}}