{"id":1515,"date":"2021-04-13T22:58:53","date_gmt":"2021-04-13T22:58:53","guid":{"rendered":"http:\/\/lavereda.com.mx\/?p=1515"},"modified":"2021-04-13T22:58:54","modified_gmt":"2021-04-13T22:58:54","slug":"ensamble-the-jazz-collective-se-presenta-en-el-tim","status":"publish","type":"post","link":"https:\/\/lavereda.com.mx\/index.php\/2021\/04\/13\/ensamble-the-jazz-collective-se-presenta-en-el-tim\/","title":{"rendered":"Ensamble The Jazz Collective se presenta en el TIM"},"content":{"rendered":"\n<p>Entre desierto y sol, el jazz nos revela un Oasis S\u00f3nico&#8230; The Jazz Collective es la agrupaci\u00f3n de m\u00fasicos laguneros que se presentar\u00e1n de manera virtual en el Teatro Isauro Mart\u00ednez, este jueves 15 de abril a las 19:00 horas, con transmisi\u00f3n en vivo por Facebook del TIM.<\/p>\n\n\n\n<p>Conformado por maestros ya reconocidos como Juan Barrios y \u00a0el talento joven y en constante crecimiento como Shalom y Josafat Gallegos, Daniel Franco y Jacob Espino, THE JAZZ COLLECTIVE \u00a0invita a ser parte de una atm\u00f3sfera relajada, en donde se exploran nuevos sonidos y formas, en donde cada m\u00fasico es libre de imprimir su esencia en cada nota, al mismo tiempo que complementa a los dem\u00e1s.<\/p>\n\n\n\n<p>Su mezcla con otros g\u00e9neros (pop, latin, soul, rock, house, etc.) y ritmos, brinda paisajes sonoros y emociones vibrantes que hacen vivir al m\u00e1ximo el tiempo presente, con nostalgia o con esperanza. Cada canci\u00f3n interpreada es una pieza \u00fanica, irrepetible, en constante cambio y movimiento.\u00a0<\/p>\n\n\n\n<p>Bajo esta premisa nace THE JAZZ COLLECTIVE (TJC) , un ensamble de jazz con m\u00fasicos cuyo talento los ha llevado a traspasar fronteras y que han regresado para traer sus influencias y vivencias musicales a la Comarca Lagunera. Esa misma esencia que ha hecho de la nuestra, una regi\u00f3n diversa y multi cultural, se imprime en el escenario para traer una propuesta nueva y llena de matices.\u00a0<\/p>\n","protected":false},"excerpt":{"rendered":"<p>Entre desierto y sol, el jazz nos revela un Oasis S\u00f3nico&#8230; The Jazz Collective es la agrupaci\u00f3n de m\u00fasicos laguneros que se presentar\u00e1n de manera virtual en el Teatro Isauro &hellip; <a href=\"https:\/\/lavereda.com.mx\/index.php\/2021\/04\/13\/ensamble-the-jazz-collective-se-presenta-en-el-tim\/\" class=\"more-link\">Leer m\u00e1s<\/a><\/p>\n","protected":false},"author":1,"featured_media":1516,"comment_status":"open","ping_status":"open","sticky":false,"template":"","format":"standard","meta":{"footnotes":""},"categories":[11],"tags":[],"class_list":["post-1515","post","type-post","status-publish","format-standard","has-post-thumbnail","hentry","category-agenda","entry"],"_links":{"self":[{"href":"https:\/\/lavereda.com.mx\/index.php\/wp-json\/wp\/v2\/posts\/1515","targetHints":{"allow":["GET"]}}],"collection":[{"href":"https:\/\/lavereda.com.mx\/index.php\/wp-json\/wp\/v2\/posts"}],"about":[{"href":"https:\/\/lavereda.com.mx\/index.php\/wp-json\/wp\/v2\/types\/post"}],"author":[{"embeddable":true,"href":"https:\/\/lavereda.com.mx\/index.php\/wp-json\/wp\/v2\/users\/1"}],"replies":[{"embeddable":true,"href":"https:\/\/lavereda.com.mx\/index.php\/wp-json\/wp\/v2\/comments?post=1515"}],"version-history":[{"count":1,"href":"https:\/\/lavereda.com.mx\/index.php\/wp-json\/wp\/v2\/posts\/1515\/revisions"}],"predecessor-version":[{"id":1517,"href":"https:\/\/lavereda.com.mx\/index.php\/wp-json\/wp\/v2\/posts\/1515\/revisions\/1517"}],"wp:featuredmedia":[{"embeddable":true,"href":"https:\/\/lavereda.com.mx\/index.php\/wp-json\/wp\/v2\/media\/1516"}],"wp:attachment":[{"href":"https:\/\/lavereda.com.mx\/index.php\/wp-json\/wp\/v2\/media?parent=1515"}],"wp:term":[{"taxonomy":"category","embeddable":true,"href":"https:\/\/lavereda.com.mx\/index.php\/wp-json\/wp\/v2\/categories?post=1515"},{"taxonomy":"post_tag","embeddable":true,"href":"https:\/\/lavereda.com.mx\/index.php\/wp-json\/wp\/v2\/tags?post=1515"}],"curies":[{"name":"wp","href":"https:\/\/api.w.org\/{rel}","templated":true}]}}