{"id":1512,"date":"2021-04-13T20:47:12","date_gmt":"2021-04-13T20:47:12","guid":{"rendered":"http:\/\/lavereda.com.mx\/?p=1512"},"modified":"2021-04-13T20:47:15","modified_gmt":"2021-04-13T20:47:15","slug":"camerata-de-coahuila-regresa-al-escenario-presencial","status":"publish","type":"post","link":"https:\/\/lavereda.com.mx\/index.php\/2021\/04\/13\/camerata-de-coahuila-regresa-al-escenario-presencial\/","title":{"rendered":"Camerata de Coahuila regresa al escenario presencial"},"content":{"rendered":"\n<p>Despu\u00e9s de m\u00e1s de un a\u00f1o en que la Camerata de Coahuila suspendi\u00f3 su temporada de presentaciones con p\u00fablico, este viernes retomar\u00e1 los conciertos presenciales con un programa en el Teatro Isauro Mart\u00ednez.<\/p>\n\n\n\n<p>Se trata del quinto concierto de temporada primavera verano 2021, este viernes 16 de abril en punto de las 20:30 horas, bajo la batuta de su director art\u00edstico, Ram\u00f3n Shade.<\/p>\n\n\n\n<p>Fue el pasado 20 de marzo del 2020, cuando la orquesta por primera vez a lo largo de su historia decidi\u00f3 suspender los conciertos de temporada primavera&nbsp;\u2013&nbsp;verano 2020, como una acci\u00f3n precautoria y responsable ante la situaci\u00f3n provocada por el Covid-19.<\/p>\n\n\n\n<p>Fue para el mes septiembre del 2020, cuando la orquesta inici\u00f3 sus presentaciones en formato televisivo, el cual permiti\u00f3 volver a los escenarios con un recorrido a los principales atractivos tur\u00edsticos de la regi\u00f3n, bajo un despliegue t\u00e9cnico y bajo estrictas normas de salubridad emitidas por la secretaria de salud, lo que permiti\u00f3 realizar su primera temporada virtual.<\/p>\n\n\n\n<p>El quinto concierto de la temporada primavera verano 2021 contar\u00e1 con las obras\u00a0\u201cSuite de la Reina de las Hadas\u201d de Herny Purcell y \u201cSuite St. Paul, Op.29 No.2\u201d de Gustav Holst,\u00a0con un total de 15 m\u00fasicos.<\/p>\n\n\n\n<p>En la secci\u00f3n de violines primeros se contar\u00e1 con la participaci\u00f3n de Ismael Estevan\u00e9, Romana Rudoman, Ani Mkrtchyan y Rodrigo Mart\u00ednez; en los violines segundos Gabriel Alan\u00eds, Andrey Vlassov, Mauricio Ocampo y Luc\u00eda Paredes.<\/p>\n\n\n\n<p>En las Violas los maestros, Yulia Mokhnatkina, Babken Vardyan, Vitaliy Rudoman; en los violoncellos, Laila Kanni\u00f1a, Fernando Morales, Johanan Eager y en el contrabajo Gabriel Robles.<\/p>\n\n\n\n<p>Este concierto continuar\u00e1 en formato virtual, de manera gratuita a trav\u00e9s de la p\u00e1gina de Facebook, lo cual ha permitido a la Camerata de Coahuila tener un escaparate permanente de la m\u00fasica cl\u00e1sica en todo el estado, el pa\u00eds y de manera internacional. Ser\u00e1 ser\u00e1 transmitido en vivo desde Teatro Isauro Mart\u00ednez.<\/p>\n\n\n\n<blockquote class=\"wp-block-quote is-layout-flow wp-block-quote-is-layout-flow\"><p>El acceso al p\u00fablico ser\u00e1 de manera gratuita, con un aforo limitado a 147 personas, por lo que ser\u00e1 necesario arribar al teatro con un tiempo de anticipaci\u00f3n y cuidar en todo momento las medidas necesarias.<\/p><\/blockquote>\n\n\n\n<p>Para proteger la salud de las y los asistentes, la Camerata de Coahuila reforzar\u00e1 las medidas de seguridad e higiene durante la presentaci\u00f3n para ofrecer un entorno seguro a todos los amantes de la m\u00fasica.<\/p>\n","protected":false},"excerpt":{"rendered":"<p>Despu\u00e9s de m\u00e1s de un a\u00f1o en que la Camerata de Coahuila suspendi\u00f3 su temporada de presentaciones con p\u00fablico, este viernes retomar\u00e1 los conciertos presenciales con un programa en el &hellip; <a href=\"https:\/\/lavereda.com.mx\/index.php\/2021\/04\/13\/camerata-de-coahuila-regresa-al-escenario-presencial\/\" class=\"more-link\">Leer m\u00e1s<\/a><\/p>\n","protected":false},"author":9,"featured_media":1513,"comment_status":"open","ping_status":"open","sticky":false,"template":"","format":"standard","meta":{"footnotes":""},"categories":[18,4],"tags":[],"class_list":["post-1512","post","type-post","status-publish","format-standard","has-post-thumbnail","hentry","category-lomasrelevante","category-musica","entry"],"_links":{"self":[{"href":"https:\/\/lavereda.com.mx\/index.php\/wp-json\/wp\/v2\/posts\/1512","targetHints":{"allow":["GET"]}}],"collection":[{"href":"https:\/\/lavereda.com.mx\/index.php\/wp-json\/wp\/v2\/posts"}],"about":[{"href":"https:\/\/lavereda.com.mx\/index.php\/wp-json\/wp\/v2\/types\/post"}],"author":[{"embeddable":true,"href":"https:\/\/lavereda.com.mx\/index.php\/wp-json\/wp\/v2\/users\/9"}],"replies":[{"embeddable":true,"href":"https:\/\/lavereda.com.mx\/index.php\/wp-json\/wp\/v2\/comments?post=1512"}],"version-history":[{"count":1,"href":"https:\/\/lavereda.com.mx\/index.php\/wp-json\/wp\/v2\/posts\/1512\/revisions"}],"predecessor-version":[{"id":1514,"href":"https:\/\/lavereda.com.mx\/index.php\/wp-json\/wp\/v2\/posts\/1512\/revisions\/1514"}],"wp:featuredmedia":[{"embeddable":true,"href":"https:\/\/lavereda.com.mx\/index.php\/wp-json\/wp\/v2\/media\/1513"}],"wp:attachment":[{"href":"https:\/\/lavereda.com.mx\/index.php\/wp-json\/wp\/v2\/media?parent=1512"}],"wp:term":[{"taxonomy":"category","embeddable":true,"href":"https:\/\/lavereda.com.mx\/index.php\/wp-json\/wp\/v2\/categories?post=1512"},{"taxonomy":"post_tag","embeddable":true,"href":"https:\/\/lavereda.com.mx\/index.php\/wp-json\/wp\/v2\/tags?post=1512"}],"curies":[{"name":"wp","href":"https:\/\/api.w.org\/{rel}","templated":true}]}}