{"id":1509,"date":"2021-04-12T23:19:57","date_gmt":"2021-04-12T23:19:57","guid":{"rendered":"http:\/\/lavereda.com.mx\/?p=1509"},"modified":"2021-04-12T23:19:58","modified_gmt":"2021-04-12T23:19:58","slug":"abren-convocatoria-para-el-concurso-nacional-de-guitarra","status":"publish","type":"post","link":"https:\/\/lavereda.com.mx\/index.php\/2021\/04\/12\/abren-convocatoria-para-el-concurso-nacional-de-guitarra\/","title":{"rendered":"Abren convocatoria para el Concurso Nacional de Guitarra"},"content":{"rendered":"\n<p>Coahuila es semillero de grandes guitarristas. <\/p>\n\n\n\n<p>Como parte del Festival Internacional de Guitarra de M\u00e9xico, que organiza la Secretar\u00eda de Cultura en Coahuila, y que en este a\u00f1o\u00a0 cumple su XXV aniversario, se lanz\u00f3 la convocatoria para el IX Concurso Nacional de Guitarra de M\u00e9xico, que cada a\u00f1o congrega a los mejores guitarristas cl\u00e1sicos del Pa\u00eds.\u00a0<\/p>\n\n\n\n<p>El Concurso Nacional, con sede en la Ciudad de Saltillo, est\u00e1 dirigido a guitarristas nacionales y extranjeros radicados en la Rep\u00fablica Mexicana poseedores de un nivel profesional en la ejecuci\u00f3n del instrumento y de un amplio criterio musical.\u00a0<\/p>\n\n\n\n<p>Su objetivo es permitir el desarrollo del individuo en materia cultural al promocionar a la guitarra cl\u00e1sica en nuestro pa\u00eds, incentivando paralelamente a sus ejecutantes mediante el otorgamiento de atractivos premios.\u00a0<\/p>\n\n\n\n<blockquote class=\"wp-block-quote is-layout-flow wp-block-quote-is-layout-flow\"><p>El maestro Mart\u00edn Madrigal, director de este festival y del concurso, coment\u00f3: \u201cEn este espacio, en el que las j\u00f3venes promesas de esta disciplina se dan cita, convergen estudiantes y algunos profesionales de todo el Pa\u00eds a fin de mostrar lo mejor de sus notas musicales, y se abre un importante foro para que los j\u00f3venes den a conocer su talento\u201d.<\/p><\/blockquote>\n\n\n\n<p>Asimismo, el Mtro. Madrigal coment\u00f3 que los organizadores tienen la certeza de que el Concurso Nacional de Guitarra de M\u00e9xico se ha convertido en el principal espacio de excelencia guitarr\u00edstica del Pa\u00eds, que proyecta a las futuras figuras de la guitarra nacional.<\/p>\n\n\n\n<p>&nbsp;Esta convocatoria permite que los j\u00f3venes valores tengan un foro donde muchos maestros de nivel internacional apoyan a los talentosos concursantes, y puede consultarse en la p\u00e1gina web de la Secretar\u00eda de Cultura&nbsp;<a href=\"http:\/\/www.coahuilacultura.gob\/\" target=\"_blank\" rel=\"noreferrer noopener\">www.coahuilacultura.gob<\/a>&nbsp;y en las redes sociales de la misma, los interesados, para mayor informaci\u00f3n pueden escribir a los correos:&nbsp;<a href=\"mailto:albertoguit@yahoo.com.mx\" target=\"_blank\" rel=\"noreferrer noopener\">albertoguit@yahoo.com.mx<\/a>&nbsp;y&nbsp;<a href=\"mailto:concursonacionaldeguirarra@gmail.com\" target=\"_blank\" rel=\"noreferrer noopener\">concursonacionaldeguirarra@gmail.com<\/a>.<\/p>\n","protected":false},"excerpt":{"rendered":"<p>Coahuila es semillero de grandes guitarristas. Como parte del Festival Internacional de Guitarra de M\u00e9xico, que organiza la Secretar\u00eda de Cultura en Coahuila, y que en este a\u00f1o\u00a0 cumple su &hellip; <a href=\"https:\/\/lavereda.com.mx\/index.php\/2021\/04\/12\/abren-convocatoria-para-el-concurso-nacional-de-guitarra\/\" class=\"more-link\">Leer m\u00e1s<\/a><\/p>\n","protected":false},"author":1,"featured_media":1510,"comment_status":"open","ping_status":"open","sticky":false,"template":"","format":"standard","meta":{"footnotes":""},"categories":[4],"tags":[],"class_list":["post-1509","post","type-post","status-publish","format-standard","has-post-thumbnail","hentry","category-musica","entry"],"_links":{"self":[{"href":"https:\/\/lavereda.com.mx\/index.php\/wp-json\/wp\/v2\/posts\/1509","targetHints":{"allow":["GET"]}}],"collection":[{"href":"https:\/\/lavereda.com.mx\/index.php\/wp-json\/wp\/v2\/posts"}],"about":[{"href":"https:\/\/lavereda.com.mx\/index.php\/wp-json\/wp\/v2\/types\/post"}],"author":[{"embeddable":true,"href":"https:\/\/lavereda.com.mx\/index.php\/wp-json\/wp\/v2\/users\/1"}],"replies":[{"embeddable":true,"href":"https:\/\/lavereda.com.mx\/index.php\/wp-json\/wp\/v2\/comments?post=1509"}],"version-history":[{"count":1,"href":"https:\/\/lavereda.com.mx\/index.php\/wp-json\/wp\/v2\/posts\/1509\/revisions"}],"predecessor-version":[{"id":1511,"href":"https:\/\/lavereda.com.mx\/index.php\/wp-json\/wp\/v2\/posts\/1509\/revisions\/1511"}],"wp:featuredmedia":[{"embeddable":true,"href":"https:\/\/lavereda.com.mx\/index.php\/wp-json\/wp\/v2\/media\/1510"}],"wp:attachment":[{"href":"https:\/\/lavereda.com.mx\/index.php\/wp-json\/wp\/v2\/media?parent=1509"}],"wp:term":[{"taxonomy":"category","embeddable":true,"href":"https:\/\/lavereda.com.mx\/index.php\/wp-json\/wp\/v2\/categories?post=1509"},{"taxonomy":"post_tag","embeddable":true,"href":"https:\/\/lavereda.com.mx\/index.php\/wp-json\/wp\/v2\/tags?post=1509"}],"curies":[{"name":"wp","href":"https:\/\/api.w.org\/{rel}","templated":true}]}}