{"id":1507,"date":"2021-04-12T16:45:19","date_gmt":"2021-04-12T16:45:19","guid":{"rendered":"http:\/\/lavereda.com.mx\/?p=1507"},"modified":"2021-04-12T16:50:23","modified_gmt":"2021-04-12T16:50:23","slug":"podcast-pequenas-historias-de-grandes-compositores-mozart","status":"publish","type":"post","link":"https:\/\/lavereda.com.mx\/index.php\/2021\/04\/12\/podcast-pequenas-historias-de-grandes-compositores-mozart\/","title":{"rendered":"Podcast. Peque\u00f1as historias de grandes compositores: Mozart"},"content":{"rendered":"\n<p>Adem\u00e1s de ser uno de los grandes compositores de nuestra historia, \u00bfqu\u00e9 m\u00e1s hac\u00eda interesante y divertida la vida de Mozart?<\/p>\n\n\n\n<p>Desc\u00fabrelo en este podcast.<\/p>\n\n\n\n<p>\u00a1Comp\u00e1rtelo con tu familia y amistades!<\/p>\n\n\n\n<figure class=\"wp-block-embed is-type-video is-provider-youtube wp-block-embed-youtube wp-embed-aspect-16-9 wp-has-aspect-ratio\"><div class=\"wp-block-embed__wrapper\">\n<iframe title=\"Podcast. Peque\u00f1as historias de grandes compositores: Mozart.\" width=\"1170\" height=\"658\" src=\"https:\/\/www.youtube.com\/embed\/9O9hSLvdp0M?feature=oembed\" frameborder=\"0\" allow=\"accelerometer; autoplay; clipboard-write; encrypted-media; gyroscope; picture-in-picture\" allowfullscreen><\/iframe>\n<\/div><\/figure>\n","protected":false},"excerpt":{"rendered":"<p>Adem\u00e1s de ser uno de los grandes compositores de nuestra historia, \u00bfqu\u00e9 m\u00e1s hac\u00eda interesante y divertida la vida de Mozart? Desc\u00fabrelo en este podcast. \u00a1Comp\u00e1rtelo con tu familia y &hellip; <a href=\"https:\/\/lavereda.com.mx\/index.php\/2021\/04\/12\/podcast-pequenas-historias-de-grandes-compositores-mozart\/\" class=\"more-link\">Leer m\u00e1s<\/a><\/p>\n","protected":false},"author":1,"featured_media":0,"comment_status":"open","ping_status":"open","sticky":false,"template":"","format":"standard","meta":{"footnotes":""},"categories":[10,1],"tags":[],"class_list":["post-1507","post","type-post","status-publish","format-standard","hentry","category-la-vereda-infantil","category-uncategorized","entry"],"_links":{"self":[{"href":"https:\/\/lavereda.com.mx\/index.php\/wp-json\/wp\/v2\/posts\/1507","targetHints":{"allow":["GET"]}}],"collection":[{"href":"https:\/\/lavereda.com.mx\/index.php\/wp-json\/wp\/v2\/posts"}],"about":[{"href":"https:\/\/lavereda.com.mx\/index.php\/wp-json\/wp\/v2\/types\/post"}],"author":[{"embeddable":true,"href":"https:\/\/lavereda.com.mx\/index.php\/wp-json\/wp\/v2\/users\/1"}],"replies":[{"embeddable":true,"href":"https:\/\/lavereda.com.mx\/index.php\/wp-json\/wp\/v2\/comments?post=1507"}],"version-history":[{"count":1,"href":"https:\/\/lavereda.com.mx\/index.php\/wp-json\/wp\/v2\/posts\/1507\/revisions"}],"predecessor-version":[{"id":1508,"href":"https:\/\/lavereda.com.mx\/index.php\/wp-json\/wp\/v2\/posts\/1507\/revisions\/1508"}],"wp:attachment":[{"href":"https:\/\/lavereda.com.mx\/index.php\/wp-json\/wp\/v2\/media?parent=1507"}],"wp:term":[{"taxonomy":"category","embeddable":true,"href":"https:\/\/lavereda.com.mx\/index.php\/wp-json\/wp\/v2\/categories?post=1507"},{"taxonomy":"post_tag","embeddable":true,"href":"https:\/\/lavereda.com.mx\/index.php\/wp-json\/wp\/v2\/tags?post=1507"}],"curies":[{"name":"wp","href":"https:\/\/api.w.org\/{rel}","templated":true}]}}