{"id":1488,"date":"2021-04-09T16:32:47","date_gmt":"2021-04-09T16:32:47","guid":{"rendered":"http:\/\/lavereda.com.mx\/?p=1488"},"modified":"2021-04-09T16:32:49","modified_gmt":"2021-04-09T16:32:49","slug":"el-flamenco-vibro-en-torreon-con-gran-show-de-valeria-montes","status":"publish","type":"post","link":"https:\/\/lavereda.com.mx\/index.php\/2021\/04\/09\/el-flamenco-vibro-en-torreon-con-gran-show-de-valeria-montes\/","title":{"rendered":"El flamenco vibr\u00f3 en Torre\u00f3n con gran show de Valeria Montes"},"content":{"rendered":"\n<p>Como al m\u00e1s puro estilo andaluz, la noche de ayer se vivi\u00f3 un espect\u00e1culo de tablao flamenco en El Foro en Vivo, ubicado en el centro de Torre\u00f3n, en una calurosa noche de abril. Los artistas, de alma lagunera y espa\u00f1ola, despertaron las emociones y aplausos del p\u00fablico, entre quienes se encontraban reconocidas maestras y alumnas de la comunidad flamenca en la regi\u00f3n.<\/p>\n\n\n\n<p>Valeria Montes La Chispa, present\u00f3 \u201cMalucheando\u201d un show flamenco acompa\u00f1ada por&nbsp;el cantaor Alejandro Silva desde C\u00e1diz, el guitarrista espa\u00f1ol Juani de la Isla y el violinista de Torre\u00f3n Mauricio Ocampo. Fueron dos horas de guitarra, palmas, zapateado y las cuerdas de un viol\u00edn apasionado y melanc\u00f3lico.<\/p>\n\n\n\n<p>Valeria La Chispa, originaria de Mapim\u00ed, Durango; con una carrera internacional en este arte espa\u00f1ol, despleg\u00f3 su talento y la pasi\u00f3n que ha ejercido por d\u00e9cadas representando dignamente a su tierra. El artista Alejandro Silva, no s\u00f3lo entreg\u00f3 ese cante profundo con sabor gitano sino que tambi\u00e9n bail\u00f3 al ritmo de La Chispa.&nbsp;<\/p>\n\n\n\n<p>Por su parte Juani de la Isla, un guitarrista de talla mundial que ha grabado discos con Joaqu\u00edn Sabina, deleit\u00f3 con un sonido de amplia calidad y Mauricio Ocampo, violinista de la Camerata de Coahuila, hizo una excelente fusi\u00f3n con los otros m\u00fasicos y la bailarina; dejando claro que en esta regi\u00f3n hay excelente talento musical.<\/p>\n\n\n\n<p>El espect\u00e1culo estuvo dedicado a la memoria de Mar\u00eda del Carmen \u201cMalucha\u201d, madre de Valeria Montes y a su padre; fallecidos el a\u00f1o pasado.<\/p>\n\n\n\n<p>COMUNIDAD FLAMENCA PRESENTE<\/p>\n\n\n\n<p>Al espect\u00e1culo acudieron como parte del p\u00fablico reconocidas integrandes de la comunidad flamenca: Ver\u00f3nica Mu\u00f1oz Segovia, directora de la academia y compa\u00f1\u00eda Fuego, Pasi\u00f3n y Candela; Shantal Requenes bailarina y quien ha sido maestra en el Parque Espa\u00f1a y de la Academia Amaya; Mariana Amaya, directora de la Academia de Flamenco Amaya; Fabiola Valdez, directora de Studio Dance; y alumnas de Beatriz Ch\u00e1vez, maestra en el Parque Espa\u00f1a.<\/p>\n\n\n\n<p>Todas ellas, junto con alumnas y bailarinas, agradecieron la oportunidad de apreciar este espect\u00e1culo de calidad mundial e invitaron al p\u00fablico a seguir apoyando al arte flamenco en la regi\u00f3n.<\/p>\n\n\n\n<figure class=\"wp-block-gallery columns-3 is-cropped wp-block-gallery-1 is-layout-flex wp-block-gallery-is-layout-flex\"><ul class=\"blocks-gallery-grid\"><li class=\"blocks-gallery-item\"><figure><img fetchpriority=\"high\" decoding=\"async\" width=\"1000\" height=\"750\" src=\"https:\/\/lavereda.com.mx\/wp-content\/uploads\/2021\/04\/IMG_7761.jpg\" alt=\"\" data-id=\"1490\" data-full-url=\"https:\/\/lavereda.com.mx\/wp-content\/uploads\/2021\/04\/IMG_7761.jpg\" data-link=\"https:\/\/lavereda.com.mx\/?attachment_id=1490\" class=\"wp-image-1490\" srcset=\"https:\/\/lavereda.com.mx\/wp-content\/uploads\/2021\/04\/IMG_7761.jpg 1000w, https:\/\/lavereda.com.mx\/wp-content\/uploads\/2021\/04\/IMG_7761-300x225.jpg 300w, https:\/\/lavereda.com.mx\/wp-content\/uploads\/2021\/04\/IMG_7761-768x576.jpg 768w\" sizes=\"(max-width: 1000px) 100vw, 1000px\" \/><\/figure><\/li><li class=\"blocks-gallery-item\"><figure><img decoding=\"async\" width=\"1000\" height=\"750\" src=\"https:\/\/lavereda.com.mx\/wp-content\/uploads\/2021\/04\/IMG_7769.jpg\" alt=\"\" data-id=\"1491\" data-full-url=\"https:\/\/lavereda.com.mx\/wp-content\/uploads\/2021\/04\/IMG_7769.jpg\" data-link=\"https:\/\/lavereda.com.mx\/?attachment_id=1491\" class=\"wp-image-1491\" srcset=\"https:\/\/lavereda.com.mx\/wp-content\/uploads\/2021\/04\/IMG_7769.jpg 1000w, https:\/\/lavereda.com.mx\/wp-content\/uploads\/2021\/04\/IMG_7769-300x225.jpg 300w, https:\/\/lavereda.com.mx\/wp-content\/uploads\/2021\/04\/IMG_7769-768x576.jpg 768w\" sizes=\"(max-width: 1000px) 100vw, 1000px\" \/><\/figure><\/li><li class=\"blocks-gallery-item\"><figure><img decoding=\"async\" width=\"1000\" height=\"563\" src=\"https:\/\/lavereda.com.mx\/wp-content\/uploads\/2021\/04\/IMG_7789.jpg\" alt=\"\" data-id=\"1492\" data-full-url=\"https:\/\/lavereda.com.mx\/wp-content\/uploads\/2021\/04\/IMG_7789.jpg\" data-link=\"https:\/\/lavereda.com.mx\/?attachment_id=1492\" class=\"wp-image-1492\" srcset=\"https:\/\/lavereda.com.mx\/wp-content\/uploads\/2021\/04\/IMG_7789.jpg 1000w, https:\/\/lavereda.com.mx\/wp-content\/uploads\/2021\/04\/IMG_7789-300x169.jpg 300w, https:\/\/lavereda.com.mx\/wp-content\/uploads\/2021\/04\/IMG_7789-768x432.jpg 768w\" sizes=\"(max-width: 1000px) 100vw, 1000px\" \/><\/figure><\/li><li class=\"blocks-gallery-item\"><figure><img loading=\"lazy\" decoding=\"async\" width=\"1000\" height=\"563\" src=\"https:\/\/lavereda.com.mx\/wp-content\/uploads\/2021\/04\/IMG_7796.jpg\" alt=\"\" data-id=\"1493\" data-full-url=\"https:\/\/lavereda.com.mx\/wp-content\/uploads\/2021\/04\/IMG_7796.jpg\" data-link=\"https:\/\/lavereda.com.mx\/?attachment_id=1493\" class=\"wp-image-1493\" srcset=\"https:\/\/lavereda.com.mx\/wp-content\/uploads\/2021\/04\/IMG_7796.jpg 1000w, https:\/\/lavereda.com.mx\/wp-content\/uploads\/2021\/04\/IMG_7796-300x169.jpg 300w, https:\/\/lavereda.com.mx\/wp-content\/uploads\/2021\/04\/IMG_7796-768x432.jpg 768w\" sizes=\"(max-width: 1000px) 100vw, 1000px\" \/><\/figure><\/li><li class=\"blocks-gallery-item\"><figure><img loading=\"lazy\" decoding=\"async\" width=\"1000\" height=\"563\" src=\"https:\/\/lavereda.com.mx\/wp-content\/uploads\/2021\/04\/IMG_7812.jpg\" alt=\"\" data-id=\"1494\" data-full-url=\"https:\/\/lavereda.com.mx\/wp-content\/uploads\/2021\/04\/IMG_7812.jpg\" data-link=\"https:\/\/lavereda.com.mx\/?attachment_id=1494\" class=\"wp-image-1494\" srcset=\"https:\/\/lavereda.com.mx\/wp-content\/uploads\/2021\/04\/IMG_7812.jpg 1000w, https:\/\/lavereda.com.mx\/wp-content\/uploads\/2021\/04\/IMG_7812-300x169.jpg 300w, https:\/\/lavereda.com.mx\/wp-content\/uploads\/2021\/04\/IMG_7812-768x432.jpg 768w\" sizes=\"(max-width: 1000px) 100vw, 1000px\" \/><\/figure><\/li><li class=\"blocks-gallery-item\"><figure><img loading=\"lazy\" decoding=\"async\" width=\"1000\" height=\"750\" src=\"https:\/\/lavereda.com.mx\/wp-content\/uploads\/2021\/04\/IMG_7836.jpg\" alt=\"\" data-id=\"1495\" data-full-url=\"https:\/\/lavereda.com.mx\/wp-content\/uploads\/2021\/04\/IMG_7836.jpg\" data-link=\"https:\/\/lavereda.com.mx\/?attachment_id=1495\" class=\"wp-image-1495\" srcset=\"https:\/\/lavereda.com.mx\/wp-content\/uploads\/2021\/04\/IMG_7836.jpg 1000w, https:\/\/lavereda.com.mx\/wp-content\/uploads\/2021\/04\/IMG_7836-300x225.jpg 300w, https:\/\/lavereda.com.mx\/wp-content\/uploads\/2021\/04\/IMG_7836-768x576.jpg 768w\" sizes=\"(max-width: 1000px) 100vw, 1000px\" \/><\/figure><\/li><li class=\"blocks-gallery-item\"><figure><img loading=\"lazy\" decoding=\"async\" width=\"1000\" height=\"563\" src=\"https:\/\/lavereda.com.mx\/wp-content\/uploads\/2021\/04\/IMG_7845.jpg\" alt=\"\" data-id=\"1496\" data-full-url=\"https:\/\/lavereda.com.mx\/wp-content\/uploads\/2021\/04\/IMG_7845.jpg\" data-link=\"https:\/\/lavereda.com.mx\/?attachment_id=1496\" class=\"wp-image-1496\" srcset=\"https:\/\/lavereda.com.mx\/wp-content\/uploads\/2021\/04\/IMG_7845.jpg 1000w, https:\/\/lavereda.com.mx\/wp-content\/uploads\/2021\/04\/IMG_7845-300x169.jpg 300w, https:\/\/lavereda.com.mx\/wp-content\/uploads\/2021\/04\/IMG_7845-768x432.jpg 768w\" sizes=\"(max-width: 1000px) 100vw, 1000px\" \/><\/figure><\/li><li class=\"blocks-gallery-item\"><figure><img loading=\"lazy\" decoding=\"async\" width=\"1000\" height=\"750\" src=\"https:\/\/lavereda.com.mx\/wp-content\/uploads\/2021\/04\/IMG_7853.jpg\" alt=\"\" data-id=\"1497\" data-full-url=\"https:\/\/lavereda.com.mx\/wp-content\/uploads\/2021\/04\/IMG_7853.jpg\" data-link=\"https:\/\/lavereda.com.mx\/?attachment_id=1497\" class=\"wp-image-1497\" srcset=\"https:\/\/lavereda.com.mx\/wp-content\/uploads\/2021\/04\/IMG_7853.jpg 1000w, https:\/\/lavereda.com.mx\/wp-content\/uploads\/2021\/04\/IMG_7853-300x225.jpg 300w, https:\/\/lavereda.com.mx\/wp-content\/uploads\/2021\/04\/IMG_7853-768x576.jpg 768w\" sizes=\"(max-width: 1000px) 100vw, 1000px\" \/><\/figure><\/li><\/ul><\/figure>\n","protected":false},"excerpt":{"rendered":"<p>Como al m\u00e1s puro estilo andaluz, la noche de ayer se vivi\u00f3 un espect\u00e1culo de tablao flamenco en El Foro en Vivo, ubicado en el centro de Torre\u00f3n, en una &hellip; <a href=\"https:\/\/lavereda.com.mx\/index.php\/2021\/04\/09\/el-flamenco-vibro-en-torreon-con-gran-show-de-valeria-montes\/\" class=\"more-link\">Leer m\u00e1s<\/a><\/p>\n","protected":false},"author":9,"featured_media":1489,"comment_status":"open","ping_status":"open","sticky":false,"template":"","format":"standard","meta":{"footnotes":""},"categories":[2],"tags":[],"class_list":["post-1488","post","type-post","status-publish","format-standard","has-post-thumbnail","hentry","category-artes-escenicas","entry"],"_links":{"self":[{"href":"https:\/\/lavereda.com.mx\/index.php\/wp-json\/wp\/v2\/posts\/1488","targetHints":{"allow":["GET"]}}],"collection":[{"href":"https:\/\/lavereda.com.mx\/index.php\/wp-json\/wp\/v2\/posts"}],"about":[{"href":"https:\/\/lavereda.com.mx\/index.php\/wp-json\/wp\/v2\/types\/post"}],"author":[{"embeddable":true,"href":"https:\/\/lavereda.com.mx\/index.php\/wp-json\/wp\/v2\/users\/9"}],"replies":[{"embeddable":true,"href":"https:\/\/lavereda.com.mx\/index.php\/wp-json\/wp\/v2\/comments?post=1488"}],"version-history":[{"count":1,"href":"https:\/\/lavereda.com.mx\/index.php\/wp-json\/wp\/v2\/posts\/1488\/revisions"}],"predecessor-version":[{"id":1498,"href":"https:\/\/lavereda.com.mx\/index.php\/wp-json\/wp\/v2\/posts\/1488\/revisions\/1498"}],"wp:featuredmedia":[{"embeddable":true,"href":"https:\/\/lavereda.com.mx\/index.php\/wp-json\/wp\/v2\/media\/1489"}],"wp:attachment":[{"href":"https:\/\/lavereda.com.mx\/index.php\/wp-json\/wp\/v2\/media?parent=1488"}],"wp:term":[{"taxonomy":"category","embeddable":true,"href":"https:\/\/lavereda.com.mx\/index.php\/wp-json\/wp\/v2\/categories?post=1488"},{"taxonomy":"post_tag","embeddable":true,"href":"https:\/\/lavereda.com.mx\/index.php\/wp-json\/wp\/v2\/tags?post=1488"}],"curies":[{"name":"wp","href":"https:\/\/api.w.org\/{rel}","templated":true}]}}