{"id":1484,"date":"2021-04-07T16:03:35","date_gmt":"2021-04-07T16:03:35","guid":{"rendered":"http:\/\/lavereda.com.mx\/?p=1484"},"modified":"2021-04-07T16:03:37","modified_gmt":"2021-04-07T16:03:37","slug":"gael-garcia-bernal-y-yasnaya-aguilar-presentan-el-tema","status":"publish","type":"post","link":"https:\/\/lavereda.com.mx\/index.php\/2021\/04\/07\/gael-garcia-bernal-y-yasnaya-aguilar-presentan-el-tema\/","title":{"rendered":"Gael Garc\u00eda Bernal y Y\u00e1snaya Aguilar presentan El tema"},"content":{"rendered":"\n<ul class=\"wp-block-list\"><li><strong>Lanzan serie web sobre la crisis clim\u00e1tica en M\u00e9xico<\/strong>.<\/li><\/ul>\n\n\n\n<p>Ayer se lanz\u00f3 el tr\u00e1iler de El tema, una idea original de Gael Garc\u00eda Bernal y Pablo Monta\u00f1o, dirigida por Santiago Maza y producida por La Corriente del Golfo. <\/p>\n\n\n\n<p>La serie web de seis cortos documentales narra los temas fundamentales de la crisis clim\u00e1tica en M\u00e9xico a trav\u00e9s de las historias y experiencias de activistas medioambientales, defensorxs de derechos humanos, comunidades ind\u00edgenas, acad\u00e9micxs y organizaciones de la sociedad civil. Dos testigos, el actor, productor y director Gael Garc\u00eda Bernal, y la escritora y ling\u00fcista Y\u00e1snaya \u00c1guilar, hilan las diferentes historias y reflexionan sobre el impacto de cada problem\u00e1tica.\u00a0<\/p>\n\n\n\n<blockquote class=\"wp-block-quote is-layout-flow wp-block-quote-is-layout-flow\"><p>\u201cEl clima est\u00e1 cambiando por nuestra culpa. Es dif\u00edcil aceptarlo. \u00bfPor qu\u00e9 nos har\u00edamos da\u00f1o sistem\u00e1ticamente sabiendo que al final perderemos todos? El progreso no deber\u00eda estar ligado a la destrucci\u00f3n de ecosistemas, personas, naciones y un largo etc\u00e9tera, sin embargo, es en nombre del progreso y la acumulaci\u00f3n que se ha justificado la destrucci\u00f3n de la naturaleza en vez de la preservaci\u00f3n de toda la riqueza que tenemos en ella. Tenemos que hablar de la crisis clim\u00e1tica y de c\u00f3mo remediarla. Tenemos que hablar de este tema en todos los niveles, en los colegios, en el trabajo, con la familia y en las pol\u00edticas que emprendamos\u201d. Coment\u00f3 Gael Garc\u00eda Bernal.\u00a0<\/p><\/blockquote>\n\n\n\n<p>Los cortos est\u00e1n enmarcados en los ecosistemas y paisajes naturales amenazados por el impacto humano en distintos estados del pa\u00eds, y las tem\u00e1ticas que se abordan son: Agua, en Chihuahua; Aire, en Monterrey; Carb\u00f3n, en Coahuila; Oc\u00e9anos, en Cozumel; Energ\u00eda, en Tabasco; y Alimento en Chapala. <\/p>\n\n\n\n<p>Cada episodio muestra una problem\u00e1tica espec\u00edfica y entrelaza visiones, estrategias y acciones para poder plantear un posible futuro con una visi\u00f3n clim\u00e1tica que sea parte de la agenda pol\u00edtica del pa\u00eds.\u00a0Actualmente, M\u00e9xico sigue una agenda extractivista que orienta recursos y voluntad pol\u00edtica en incrementar la producci\u00f3n y dependencia en los combustibles f\u00f3siles, al mismo tiempo, se est\u00e1n llevando a cabo megaproyectos en zonas habitadas por comunidades campesinas e ind\u00edgenas y donde sobreviven \u00e1reas naturales de un alto valor ecosist\u00e9mico, todo esto bajo la premisa de desarrollo.\u00a0<\/p>\n\n\n\n<blockquote class=\"wp-block-quote is-layout-flow wp-block-quote-is-layout-flow\"><p>\u00abLos rompimientos que la sociedad capitalista ha tenido con la tierra, con el planeta, nos ha llevado a creer que los bienes naturales de los que somos parte son mercanc\u00edas, insumos y recursos para alimentar el mercado. La crisis clim\u00e1tica que est\u00e1 provocando crisis sociales en este pa\u00eds nos devuelven la idea de que el planeta no es mercanc\u00eda, el planeta somos nosotros y ponerla en riesgo es poner en riesgo la vida de la humanidad. La crisis clim\u00e1tica est\u00e1 sucediendo ya, aqu\u00ed, ahora, en M\u00e9xico. \u00c9se es el tema\u00bb Coment\u00f3 Y\u00e1syana \u00c1guilar.\u00a0<\/p><\/blockquote>\n\n\n\n<p>En este contexto surge El tema, que habla de la crisis clim\u00e1tica a partir de narrativas que involucran a las comunidades y organizaciones como Greenpeace M\u00e9xico, Oceana MX y Wikipol\u00edtica Chihuahua entre otras, que luchan en la primera l\u00ednea contra la degradaci\u00f3n ambiental y los impactos que \u00e9sta ha tra\u00eddo. La serie presenta argumentos y puntos de exigencia que buscan detonar una conversaci\u00f3n en torno a este fen\u00f3meno global en el contexto de nuestro pa\u00eds.\u00a0<\/p>\n\n\n\n<p>El tema es una producci\u00f3n de la La Corriente del Golfo, dirigida por Santiago Maza. Lxs productores del proyecto son Gael Garc\u00eda Bernal, Magali Rocha Donnadieu, Mariana Rodr\u00edguez Cabarga y Pablo Monta\u00f1o.\u00a0El tr\u00e1iler de El tema est\u00e1 disponible en la\u00a0<a rel=\"noreferrer noopener\" href=\"http:\/\/lacorrientedelgolfo.net\/\" target=\"_blank\">lacorrientedelgolfo.net<\/a>, as\u00ed como en el canal de YouTube de La Corriente del Golfo, donde pr\u00f3ximamente tambi\u00e9n estar\u00e1n disponibles los cortos de manera gratuita y distribuidos de la siguiente manera: Agua, el 13 de abril; Aire, el 20 de abril; Carb\u00f3n, el 27 de abril; Energ\u00eda, el 4 de mayo; Oc\u00e9anos, el 11 de mayo; y Alimento, el 18 de mayo.\u00a0<\/p>\n","protected":false},"excerpt":{"rendered":"<p>Lanzan serie web sobre la crisis clim\u00e1tica en M\u00e9xico. Ayer se lanz\u00f3 el tr\u00e1iler de El tema, una idea original de Gael Garc\u00eda Bernal y Pablo Monta\u00f1o, dirigida por Santiago &hellip; <a href=\"https:\/\/lavereda.com.mx\/index.php\/2021\/04\/07\/gael-garcia-bernal-y-yasnaya-aguilar-presentan-el-tema\/\" class=\"more-link\">Leer m\u00e1s<\/a><\/p>\n","protected":false},"author":1,"featured_media":1485,"comment_status":"open","ping_status":"open","sticky":false,"template":"","format":"standard","meta":{"footnotes":""},"categories":[6,18],"tags":[],"class_list":["post-1484","post","type-post","status-publish","format-standard","has-post-thumbnail","hentry","category-cinetv","category-lomasrelevante","entry"],"_links":{"self":[{"href":"https:\/\/lavereda.com.mx\/index.php\/wp-json\/wp\/v2\/posts\/1484","targetHints":{"allow":["GET"]}}],"collection":[{"href":"https:\/\/lavereda.com.mx\/index.php\/wp-json\/wp\/v2\/posts"}],"about":[{"href":"https:\/\/lavereda.com.mx\/index.php\/wp-json\/wp\/v2\/types\/post"}],"author":[{"embeddable":true,"href":"https:\/\/lavereda.com.mx\/index.php\/wp-json\/wp\/v2\/users\/1"}],"replies":[{"embeddable":true,"href":"https:\/\/lavereda.com.mx\/index.php\/wp-json\/wp\/v2\/comments?post=1484"}],"version-history":[{"count":1,"href":"https:\/\/lavereda.com.mx\/index.php\/wp-json\/wp\/v2\/posts\/1484\/revisions"}],"predecessor-version":[{"id":1486,"href":"https:\/\/lavereda.com.mx\/index.php\/wp-json\/wp\/v2\/posts\/1484\/revisions\/1486"}],"wp:featuredmedia":[{"embeddable":true,"href":"https:\/\/lavereda.com.mx\/index.php\/wp-json\/wp\/v2\/media\/1485"}],"wp:attachment":[{"href":"https:\/\/lavereda.com.mx\/index.php\/wp-json\/wp\/v2\/media?parent=1484"}],"wp:term":[{"taxonomy":"category","embeddable":true,"href":"https:\/\/lavereda.com.mx\/index.php\/wp-json\/wp\/v2\/categories?post=1484"},{"taxonomy":"post_tag","embeddable":true,"href":"https:\/\/lavereda.com.mx\/index.php\/wp-json\/wp\/v2\/tags?post=1484"}],"curies":[{"name":"wp","href":"https:\/\/api.w.org\/{rel}","templated":true}]}}