{"id":1473,"date":"2021-04-05T16:33:14","date_gmt":"2021-04-05T16:33:14","guid":{"rendered":"http:\/\/lavereda.com.mx\/?p=1473"},"modified":"2021-04-05T18:16:22","modified_gmt":"2021-04-05T18:16:22","slug":"valeria-montes-presenta-tablao-flamenco-en-memoria-de-sus-padres","status":"publish","type":"post","link":"https:\/\/lavereda.com.mx\/index.php\/2021\/04\/05\/valeria-montes-presenta-tablao-flamenco-en-memoria-de-sus-padres\/","title":{"rendered":"Valeria Montes presenta tablao flamenco en memoria de sus padres"},"content":{"rendered":"\n<p>Valeria Montes <em>La Chispa<\/em>, bailaora de flamenco originaria de Mapim\u00ed, Durango con una gran trayectoria internacional, regresa a la Comarca Lagunera para presentar el espect\u00e1culo \u201cMalucheando\u201d, a la memoria de su madre \u201cMalucha\u201d y de su padre fallecidos apenas el a\u00f1o pasado.<\/p>\n\n\n\n<p>En Torre\u00f3n, la cita es este jueves 8 de abril en el Foro En Vivo a partir de las 21:00 horas y en Mapim\u00ed el d\u00eda 9 de abril a partir de las 19:00 horas. Se contar\u00e1 con todas las medidas de seguridad y un aforo limitado en El Foro; sin embargo a\u00fan quedan lugares disponibles.<\/p>\n\n\n\n<p>El espect\u00e1culo es una fusi\u00f3n de talentos de Espa\u00f1a y la regi\u00f3n lagunera: participar\u00e1 el cantaor Alejandro Silva desde C\u00e1diz, el guitarrista espa\u00f1ol Juani de la Isla, el violinista de Torre\u00f3n Mauricio Ocampo y <em>La Chispa<\/em> en el baile.<\/p>\n\n\n\n<p>En medio de ensayos y la emoci\u00f3n del montaje, la artista quien actualmente radica en Albuquerque, Estados Unidos; convers\u00f3 con La Vereda.<\/p>\n\n\n\n<p><em><strong>Plat\u00edcanos sobre este nuevo tablao flamenco y el concepto del espect\u00e1culo:<\/strong><\/em><\/p>\n\n\n\n<p>\u201cEl nombre del espect\u00e1culo Malucheando sali\u00f3 por mi madre, ella falleci\u00f3 en octubre y en noviembre fallece mi padre, he estado yendo y viniendo, en un sube y baja de emociones, de cosas que pens\u00e9 que nunca har\u00eda y que ahora estoy haciendo, que nunca me gustaron y ahora las disfruto.&nbsp;<\/p>\n\n\n\n<p>Ahora que ven\u00edamos para ac\u00e1 y hablando con mi marido, le digo que quiero hacer un espect\u00e1culo homenaje a mis padres, ellos dejaron un legado muy bonito, mi madre dej\u00f3 un trabajo incansable, estoy muy agradecida. Mi madre se llamaba Mar\u00eda del Carmen, en el pueblo le dec\u00edan Malucha \u2026 le debo tanto a ellos, es algo que no puedo no hacerlo\u201d.<\/p>\n\n\n\n<p>El restaurante de sus padres El Lejano Oriente, muy popular en Mapim\u00ed para los lugare\u00f1os y turistas, es un negocio con mucha historia, comparti\u00f3:<\/p>\n\n\n\n<p>\u201cEl negocio lo llevo yo de lejos y de cerca, son las cosas que nunca pens\u00e9 que iba a hacer.<\/p>\n\n\n\n<p>Lo estoy disfrutando por amor a ellos, es un negocio 43 a\u00f1os, tienen tanta historia, tantos clientes, tanta gente de alredeores que conoc\u00edan a mis padres, ahora siento esa responsabilidad\u201d.<\/p>\n\n\n\n<blockquote class=\"wp-block-quote is-layout-flow wp-block-quote-is-layout-flow\"><p>\u201cMapim\u00ed, es un pueblo m\u00e1gico de Durango, chiquito, donde mucho no basta, pero pasan tantas cosas. Este espect\u00e1culo es dar honor a la tierra, a mi padre y mi madre. No te podr\u00eda explicar el sentimiento que traigo, tengo la fortuna de tener a mi marido, creativo musicalmente, Juani de la Isla, con una gran trayectoria, arreglista, director, \u00e9l ha tocado para Joaqu\u00edn Sabina, ha grabado con \u00e9l, ha tocado con con tanta gente como Sara Baras, Cristina Hoyos, ahora \u00e9l se ha metido aqu\u00ed conmigo, dijo hay pandemia yo te apoyo. Est\u00e1 dando los tiros conmigo\u201d.<\/p><\/blockquote>\n\n\n\n<blockquote class=\"wp-block-quote is-layout-flow wp-block-quote-is-layout-flow\"><p>Valeria a\u00f1adi\u00f3 que en este montaje participan grandes talentos: \u201cnos trajimos al cantaor Alejandro Silva desde C\u00e1diz, Juani de la Isla&nbsp;&nbsp;es de San Fernando, de ah\u00ed es Ni\u00f1a Pastori y Camar\u00f3n de la Isla, tenemos a un orgullo de Torre\u00f3n Mau Ocampo. Ser\u00e1 algo muy flamenco y muy mexicano, porque me siento muy orgullosa de mi tierra, pero tambi\u00e9n soy muy flamenca, es un arte que me encanta y es hacer lo que me gusta\u201d.<\/p><\/blockquote>\n\n\n\n<p><em><strong>\u00bfCrees que ya se ha desarrollado un gusto del p\u00fablico lagunero por el flamenco?<\/strong><\/em><\/p>\n\n\n\n<p>\u201cEspero que s\u00ed, es parte de los artistas, como nosotros, que somos de fuera y vivimos en un pa\u00eds en donde no naci\u00f3 el flamenco, mucha gente no sabe lo que es el flamenco, la gente piensa que es salsa, merengue, es otra cosa. Tienes que hacer este tipo de espectaculos, educar de otra manera, exponer a la gente al arte\u201d.<\/p>\n\n\n\n<p><em><strong>En donde t\u00fa bailas, Estados Unidos, \u00bfse han reactivado espacios esc\u00e9nicos?<\/strong><\/em><\/p>\n\n\n\n<p>\u201cLa verdad que todavia no, todo es virtual, all\u00e1 tienen la medici\u00f3n igual que aqu\u00ed sem\u00e1foro rojo, amarillo, pero all\u00e1 tienen el verde y el turquesa. Los artistas no podr\u00e1n hacer nada hasta que est\u00e9 el color turquesa.<\/p>\n\n\n\n<blockquote class=\"wp-block-quote is-layout-flow wp-block-quote-is-layout-flow\"><p>\u00abEsto ha sido devastador para las artes a nivel mundial, para el flamenco, no te puedo explicar lo que ha sufrido el arte flamenco en esta pandemia. Hasta vender guitarras, ponerte a trabajar de otras cosas, porque no ha habido nada, aqu\u00ed en Mapim\u00ed lo haremos en la Plaza Principal y en El Foro con una capacidad limitada, hay que tener todas las medidas de seguridad, pero hay que seguir\u201d.<\/p><\/blockquote>\n\n\n\n<p>\u201cEstamos muy contentos, queremos hacer otras cositas a parte de esto, ojal\u00e1 pueden salir adelante\u201d, puntualiz\u00f3 la artista.<\/p>\n\n\n\n<p><em><strong>(En El Foro en Vivo, el espect\u00e1culo tendr\u00e1 una duraci\u00f3n aproximada de dos horas y tiene un costo de $300).<\/strong><\/em><\/p>\n","protected":false},"excerpt":{"rendered":"<p>Valeria Montes La Chispa, bailaora de flamenco originaria de Mapim\u00ed, Durango con una gran trayectoria internacional, regresa a la Comarca Lagunera para presentar el espect\u00e1culo \u201cMalucheando\u201d, a la memoria de &hellip; <a href=\"https:\/\/lavereda.com.mx\/index.php\/2021\/04\/05\/valeria-montes-presenta-tablao-flamenco-en-memoria-de-sus-padres\/\" class=\"more-link\">Leer m\u00e1s<\/a><\/p>\n","protected":false},"author":9,"featured_media":1474,"comment_status":"open","ping_status":"open","sticky":false,"template":"","format":"standard","meta":{"footnotes":""},"categories":[2],"tags":[],"class_list":["post-1473","post","type-post","status-publish","format-standard","has-post-thumbnail","hentry","category-artes-escenicas","entry"],"_links":{"self":[{"href":"https:\/\/lavereda.com.mx\/index.php\/wp-json\/wp\/v2\/posts\/1473","targetHints":{"allow":["GET"]}}],"collection":[{"href":"https:\/\/lavereda.com.mx\/index.php\/wp-json\/wp\/v2\/posts"}],"about":[{"href":"https:\/\/lavereda.com.mx\/index.php\/wp-json\/wp\/v2\/types\/post"}],"author":[{"embeddable":true,"href":"https:\/\/lavereda.com.mx\/index.php\/wp-json\/wp\/v2\/users\/9"}],"replies":[{"embeddable":true,"href":"https:\/\/lavereda.com.mx\/index.php\/wp-json\/wp\/v2\/comments?post=1473"}],"version-history":[{"count":3,"href":"https:\/\/lavereda.com.mx\/index.php\/wp-json\/wp\/v2\/posts\/1473\/revisions"}],"predecessor-version":[{"id":1477,"href":"https:\/\/lavereda.com.mx\/index.php\/wp-json\/wp\/v2\/posts\/1473\/revisions\/1477"}],"wp:featuredmedia":[{"embeddable":true,"href":"https:\/\/lavereda.com.mx\/index.php\/wp-json\/wp\/v2\/media\/1474"}],"wp:attachment":[{"href":"https:\/\/lavereda.com.mx\/index.php\/wp-json\/wp\/v2\/media?parent=1473"}],"wp:term":[{"taxonomy":"category","embeddable":true,"href":"https:\/\/lavereda.com.mx\/index.php\/wp-json\/wp\/v2\/categories?post=1473"},{"taxonomy":"post_tag","embeddable":true,"href":"https:\/\/lavereda.com.mx\/index.php\/wp-json\/wp\/v2\/tags?post=1473"}],"curies":[{"name":"wp","href":"https:\/\/api.w.org\/{rel}","templated":true}]}}