{"id":1459,"date":"2021-04-01T16:20:59","date_gmt":"2021-04-01T16:20:59","guid":{"rendered":"http:\/\/lavereda.com.mx\/?p=1459"},"modified":"2021-04-01T16:21:01","modified_gmt":"2021-04-01T16:21:01","slug":"lanzan-3-convocatorias-para-artistas-locales","status":"publish","type":"post","link":"https:\/\/lavereda.com.mx\/index.php\/2021\/04\/01\/lanzan-3-convocatorias-para-artistas-locales\/","title":{"rendered":"Lanzan 3 convocatorias para artistas locales"},"content":{"rendered":"\n<p>En rueda de prensa virtual desde la Ciudad de Torre\u00f3n, la Secretar\u00eda de Cultura estatal (SC) y en coordinaci\u00f3n con la Secretar\u00eda de Cultura del Gobierno Federal, dio a conocer tres convocatorias que apoyar\u00e1n el desarrollo art\u00edstico de los creadores coahuilenses.<\/p>\n\n\n\n<p>Se trata de las convocatorias para el II Concurso \u201cMis oficios, mis manos: Premio Estatal de Artesan\u00eda\u201d; Proyectos Cinematogr\u00e1ficos \u201cEn corto\u201d, y la Muestra Estatal de Teatro, que se abren a partir del d\u00eda de hoy y pueden ser consultadas en la p\u00e1gina web de la Secretar\u00eda de Cultura&nbsp;<a href=\"http:\/\/ww.coahuilacultura.gob.mx\/convocatorias\" target=\"_blank\" rel=\"noreferrer noopener\">ww.coahuilacultura.gob.mx\/convocatorias<\/a>.<\/p>\n\n\n\n<p>Ana Sof\u00eda Garc\u00eda Camil, Secretaria de Cultura del Estado, coment\u00f3 que en el caso de la convocatoria \u201cMis oficios, mis manos: Premio Estatal de Artesan\u00eda\u201d, el objetivo es&nbsp; reconocer, estimular y apoyar a los artesanos coahuilenses, adem\u00e1s de difundir y poner en valor su trabajo, as\u00ed como preservar sus oficios como parte esencial del patrimonio cultural inmaterial.<\/p>\n\n\n\n<p>Se podr\u00e1n inscribir piezas en 5 categor\u00edas: a) Tejido de textiles (algod\u00f3n, lana y cerdas); b) Tallado en madera y\/o piedra; c) Cer\u00e1mica; d) Cartoner\u00eda y papel, y e) Orfebrer\u00eda en plata.<\/p>\n\n\n\n<p>La convocatoria cierra el 8 de junio de 2021, y el premio consiste en un est\u00edmulo econ\u00f3mico de 25 mil pesos para cada uno de los ganadores de las 5&nbsp; categor\u00edas.<\/p>\n\n\n\n<p>Garc\u00eda Camil coment\u00f3 que en el caso de la convocatoria Proyectos Cinematogr\u00e1ficos \u201cEn cort\u00f3\u201d, que se realiza en coordinaci\u00f3n con la Secretar\u00eda de Cultura Federal, los Estudios Churubusco y el Instituto Mexicano de Cinematograf\u00eda, se pretende estimular la creaci\u00f3n cinematogr\u00e1fica, la formaci\u00f3n profesional y el fomento de la cultura de apreciaci\u00f3n al cine de los coahuilenses.<\/p>\n\n\n\n<p>Esta convocatoria contempla tres categor\u00edas: + Creador\/a con Trayectoria. G\u00e9nero Documental en la que se otorgar\u00e1 un est\u00edmulo econ\u00f3mico de 100 mil pesos.<\/p>\n\n\n\n<p>&#8211;&nbsp;&nbsp;&nbsp;&nbsp;&nbsp;&nbsp;&nbsp;&nbsp;Creador\/a con Trayectoria. G\u00e9nero Ficci\u00f3n, con un est\u00edmulo econ\u00f3mico de 150 mil pesos.<\/p>\n\n\n\n<p>&#8211;&nbsp;&nbsp;&nbsp;&nbsp;&nbsp;&nbsp;&nbsp;&nbsp;Talento Emergente, con un est\u00edmulo econ\u00f3mico de 80 mil pesos.<\/p>\n\n\n\n<p>Estas convocatorias cierran el 11 de junio&nbsp; de 2021.<\/p>\n\n\n\n<p>Por \u00faltimo, se present\u00f3 la convocatoria para la Muestra Estatal de Teatro Coahuila 2021, que se realizar\u00e1 del 11 al 15 de agosto del a\u00f1o en curso, seleccion\u00e1ndose 10 puestas en escena.<\/p>\n\n\n\n<p>Las compa\u00f1\u00edas participantes recibir\u00e1n un pago de 12 mil pesos m\u00e1s IVA, contra el CFDI y documentaci\u00f3n correspondiente, para los gastos que genere la presentaci\u00f3n de cada obra participante el d\u00eda de su funci\u00f3n, y una lectura en atril en un espacio por definir.&nbsp;<\/p>\n\n\n\n<p>Las compa\u00f1\u00edas y\/o grupos teatrales ganador y&nbsp; suplente recibir\u00e1n 12 mil pesos m\u00e1s IVA, contra el CFDI y documentaci\u00f3n correspondiente, como pago por una funci\u00f3n adicional que se llevar\u00e1 a cabo durante el mes de septiembre de 2020.&nbsp;<\/p>\n\n\n\n<p>El cierre de esta convocatoria es el 9 de julio de 2021.<\/p>\n\n\n\n<p>Por \u00faltimo, Jos\u00e9 Luis Rodr\u00edguez Sena, Director de Desarrollo Cultural de la SC, quien acompa\u00f1\u00f3 a la Secretaria en esta rueda de prensa, coment\u00f3 que cualquier duda puede ser resuelta v\u00eda correo electr\u00f3nico o llamando al 844 410 2033.<\/p>\n","protected":false},"excerpt":{"rendered":"<p>En rueda de prensa virtual desde la Ciudad de Torre\u00f3n, la Secretar\u00eda de Cultura estatal (SC) y en coordinaci\u00f3n con la Secretar\u00eda de Cultura del Gobierno Federal, dio a conocer &hellip; <a href=\"https:\/\/lavereda.com.mx\/index.php\/2021\/04\/01\/lanzan-3-convocatorias-para-artistas-locales\/\" class=\"more-link\">Leer m\u00e1s<\/a><\/p>\n","protected":false},"author":1,"featured_media":1460,"comment_status":"open","ping_status":"open","sticky":false,"template":"","format":"standard","meta":{"footnotes":""},"categories":[2],"tags":[],"class_list":["post-1459","post","type-post","status-publish","format-standard","has-post-thumbnail","hentry","category-artes-escenicas","entry"],"_links":{"self":[{"href":"https:\/\/lavereda.com.mx\/index.php\/wp-json\/wp\/v2\/posts\/1459","targetHints":{"allow":["GET"]}}],"collection":[{"href":"https:\/\/lavereda.com.mx\/index.php\/wp-json\/wp\/v2\/posts"}],"about":[{"href":"https:\/\/lavereda.com.mx\/index.php\/wp-json\/wp\/v2\/types\/post"}],"author":[{"embeddable":true,"href":"https:\/\/lavereda.com.mx\/index.php\/wp-json\/wp\/v2\/users\/1"}],"replies":[{"embeddable":true,"href":"https:\/\/lavereda.com.mx\/index.php\/wp-json\/wp\/v2\/comments?post=1459"}],"version-history":[{"count":1,"href":"https:\/\/lavereda.com.mx\/index.php\/wp-json\/wp\/v2\/posts\/1459\/revisions"}],"predecessor-version":[{"id":1461,"href":"https:\/\/lavereda.com.mx\/index.php\/wp-json\/wp\/v2\/posts\/1459\/revisions\/1461"}],"wp:featuredmedia":[{"embeddable":true,"href":"https:\/\/lavereda.com.mx\/index.php\/wp-json\/wp\/v2\/media\/1460"}],"wp:attachment":[{"href":"https:\/\/lavereda.com.mx\/index.php\/wp-json\/wp\/v2\/media?parent=1459"}],"wp:term":[{"taxonomy":"category","embeddable":true,"href":"https:\/\/lavereda.com.mx\/index.php\/wp-json\/wp\/v2\/categories?post=1459"},{"taxonomy":"post_tag","embeddable":true,"href":"https:\/\/lavereda.com.mx\/index.php\/wp-json\/wp\/v2\/tags?post=1459"}],"curies":[{"name":"wp","href":"https:\/\/api.w.org\/{rel}","templated":true}]}}