{"id":1454,"date":"2021-03-29T16:20:50","date_gmt":"2021-03-29T16:20:50","guid":{"rendered":"http:\/\/lavereda.com.mx\/?p=1454"},"modified":"2021-04-01T21:42:30","modified_gmt":"2021-04-01T21:42:30","slug":"la-huella-artistica-de-gustavo-montes","status":"publish","type":"post","link":"https:\/\/lavereda.com.mx\/index.php\/2021\/03\/29\/la-huella-artistica-de-gustavo-montes\/","title":{"rendered":"La huella art\u00edstica de Gustavo Montes"},"content":{"rendered":"\n<ul class=\"wp-block-list\"><li><strong><em>El artista con m\u00e1s de 30 a\u00f1os de trayectoria, convers\u00f3 con La Vereda sobre su exposici\u00f3n en La Casa del Cerro.<\/em><\/strong><\/li><\/ul>\n\n\n\n<p>De un momento cotidiano como les recuperar un objeto del suelo, en este caso un bastidor, nace un acto de creatividad y una explosi\u00f3n de colores que atrapan la vista. Es la exposici\u00f3n \u201cRevaloraci\u00f3n del desecho\u201d del artista lagunero Gustavo Montes, que se encuentra en exhibici\u00f3n en la pinacoteca del Museo Hist\u00f3rico Casa del Cerro. Permanecer\u00e1 durante el mes de abril.<\/p>\n\n\n\n<p>La exposici\u00f3n, integrada por 30 obras que se recorren con placer en la mirada, ha tenido buena respuesta, comparte el autor. Junto con otros museos municipales, la Casa del Cerro es de los pocos recintos culturales abiertos en la ciudad por la pandemia.<\/p>\n\n\n\n<p><em>\u00bfC\u00f3mo nace el t\u00edtulo de la exposici\u00f3n?<\/em><\/p>\n\n\n\n<p>\u201cYo he recogido bastidores rotos, les quito la tela y les pongo tela nueva. Este era de Rom\u00e1n Egu\u00eda, lo que hice fue restaurarlo, apliqu\u00e9 otro capa,&nbsp;&nbsp;entonces ves a Rom\u00e1n y ves a Gustavo Montes\u201d, platica mientras muestra el primer cuadro que abre la exposici\u00f3n.<\/p>\n\n\n\n<blockquote class=\"wp-block-quote is-layout-flow wp-block-quote-is-layout-flow\"><p>\u201cAnteriormente ya hab\u00eda trabajado en intervenir cuadros de otros artistas, cuando descubr\u00ed que es la firma de Rom\u00e1n, lo restaur\u00e9, quise poner mi huella sobre el cuadro, lo que llaman los grafiteros, intervenir la pintura. Lo hice con el sistema que ten\u00eda esa misma pintura.<\/p><p>Despu\u00e9s viendo que ten\u00eda otras cosas, en ventas de cochera y cuadros tirados, hice la exposici\u00f3n con ese sentido, de esas cosas que la gente desecha y ya no les tiene ning\u00fan sentido. No les significa en absoluto, por eso es Revaloraci\u00f3n del Desecho\u201d.&nbsp;<\/p><\/blockquote>\n\n\n\n<p>\u201cA partir de eso hice la serie que tiene las mismas dimensiones del cuadro, manejando la colometr\u00eda y los efectos de la pintura barrida, fui desarrollando la exposici\u00f3n.&nbsp;<\/p>\n\n\n\n<p>La revaloraci\u00f3n del desecho tiene que ver tanto en la apreciaci\u00f3n est\u00e9tica y emotividad hacia el objeto. El objeto obtiene otra posibilidad de mirarlo\u201d.<\/p>\n\n\n\n<p>La exposici\u00f3n de Gustavo se puede apreciar en dos salas, en la primera sobresale en medio un objeto convertido en obra de arte. Es una batea del siglo XIX que usaban antiguos pobladores para mezclar diversos materiales.<\/p>\n\n\n\n<p>\u201cEsta batea es un regalo que me hizo Rom\u00e1n Egu\u00eda, le apliqu\u00e9 un sentido pict\u00f3rico. Es un objeto del Siglo XIX, adquiere un sentido distinto, ese di\u00e1logo entre un objeto desechado y un objeto ofrendado, termina el circuito de la exposici\u00f3n\u201d.<\/p>\n\n\n\n<p>En los otros cuadros, hay una unidad de formas expresivas. As\u00ed lo explica el autor:<\/p>\n\n\n\n<p>\u201cEs el mismo gesto de aplicaci\u00f3n de la pintura, una manera de barrer la pintura y encontrar valores crom\u00e1ticos\u201d.<\/p>\n\n\n\n<p>Por otra parte, habl\u00f3 de c\u00f3mo la condici\u00f3n de los artistas es complicada en pandemia:<\/p>\n\n\n\n<blockquote class=\"wp-block-quote is-layout-flow wp-block-quote-is-layout-flow\"><p>\u201cEn el arte, a lo mejor mucha gente ha vendido por los sistemas electr\u00f3nicos, pero mucha gente no, porque no tiene el contacto f\u00edsico con el objeto, una cosa es verlo en pantalla y tener las dimensiones del objeto fisico. Muchos compa\u00f1eros que nos dedicamos al arte, en esta situaci\u00f3n de pandemia nos la hemos visto bastante duras, porque no ha habido venta, a menos que en alg\u00fan momento alguien encargue algo\u2026\u201d<\/p><\/blockquote>\n\n\n\n<p>Finalmente, Gustaco expres\u00f3 que la exposici\u00f3n ha tenido buena respuesta: \u201cHay gente que viene al museo ex profeso a verla, a cierto grupo le ha causado inter\u00e9s, y este es de los pocos museos que est\u00e1n abriendo en La Laguna y que tienen las condiciones para ser visitado. El espacio es generoso, se pueden guardar las indicaciones de salud\u201d.\u00a0<\/p>\n\n\n\n<p><em>Excepto los d\u00edas de la Semana Santa, el Museo Casa del Cerro abrir\u00e1 sus puertas durante todo abril.<\/em><\/p>\n\n\n\n<figure class=\"wp-block-image size-large\"><img fetchpriority=\"high\" decoding=\"async\" width=\"1000\" height=\"750\" src=\"https:\/\/lavereda.com.mx\/wp-content\/uploads\/2021\/03\/IMG_7520.jpg\" alt=\"\" class=\"wp-image-1455\" srcset=\"https:\/\/lavereda.com.mx\/wp-content\/uploads\/2021\/03\/IMG_7520.jpg 1000w, https:\/\/lavereda.com.mx\/wp-content\/uploads\/2021\/03\/IMG_7520-300x225.jpg 300w, https:\/\/lavereda.com.mx\/wp-content\/uploads\/2021\/03\/IMG_7520-768x576.jpg 768w\" sizes=\"(max-width: 1000px) 100vw, 1000px\" \/><\/figure>\n","protected":false},"excerpt":{"rendered":"<p>El artista con m\u00e1s de 30 a\u00f1os de trayectoria, convers\u00f3 con La Vereda sobre su exposici\u00f3n en La Casa del Cerro. De un momento cotidiano como les recuperar un objeto &hellip; <a href=\"https:\/\/lavereda.com.mx\/index.php\/2021\/03\/29\/la-huella-artistica-de-gustavo-montes\/\" class=\"more-link\">Leer m\u00e1s<\/a><\/p>\n","protected":false},"author":9,"featured_media":1456,"comment_status":"open","ping_status":"open","sticky":false,"template":"","format":"standard","meta":{"footnotes":""},"categories":[3],"tags":[],"class_list":["post-1454","post","type-post","status-publish","format-standard","has-post-thumbnail","hentry","category-artes-visuales","entry"],"_links":{"self":[{"href":"https:\/\/lavereda.com.mx\/index.php\/wp-json\/wp\/v2\/posts\/1454","targetHints":{"allow":["GET"]}}],"collection":[{"href":"https:\/\/lavereda.com.mx\/index.php\/wp-json\/wp\/v2\/posts"}],"about":[{"href":"https:\/\/lavereda.com.mx\/index.php\/wp-json\/wp\/v2\/types\/post"}],"author":[{"embeddable":true,"href":"https:\/\/lavereda.com.mx\/index.php\/wp-json\/wp\/v2\/users\/9"}],"replies":[{"embeddable":true,"href":"https:\/\/lavereda.com.mx\/index.php\/wp-json\/wp\/v2\/comments?post=1454"}],"version-history":[{"count":3,"href":"https:\/\/lavereda.com.mx\/index.php\/wp-json\/wp\/v2\/posts\/1454\/revisions"}],"predecessor-version":[{"id":1462,"href":"https:\/\/lavereda.com.mx\/index.php\/wp-json\/wp\/v2\/posts\/1454\/revisions\/1462"}],"wp:featuredmedia":[{"embeddable":true,"href":"https:\/\/lavereda.com.mx\/index.php\/wp-json\/wp\/v2\/media\/1456"}],"wp:attachment":[{"href":"https:\/\/lavereda.com.mx\/index.php\/wp-json\/wp\/v2\/media?parent=1454"}],"wp:term":[{"taxonomy":"category","embeddable":true,"href":"https:\/\/lavereda.com.mx\/index.php\/wp-json\/wp\/v2\/categories?post=1454"},{"taxonomy":"post_tag","embeddable":true,"href":"https:\/\/lavereda.com.mx\/index.php\/wp-json\/wp\/v2\/tags?post=1454"}],"curies":[{"name":"wp","href":"https:\/\/api.w.org\/{rel}","templated":true}]}}