{"id":1448,"date":"2021-03-26T16:26:35","date_gmt":"2021-03-26T16:26:35","guid":{"rendered":"http:\/\/lavereda.com.mx\/?p=1448"},"modified":"2021-04-12T14:32:42","modified_gmt":"2021-04-12T14:32:42","slug":"la-banda-municipal-de-torreon-lanza-su-primer-ep","status":"publish","type":"post","link":"https:\/\/lavereda.com.mx\/index.php\/2021\/03\/26\/la-banda-municipal-de-torreon-lanza-su-primer-ep\/","title":{"rendered":"La Banda Municipal de Torre\u00f3n lanza su primer EP"},"content":{"rendered":"\n<ul class=\"wp-block-list\"><li><em>El concierto se realizar\u00e1 en el quiosco de la Alameda Zaragoza este domingo a las 18 horas.<\/em><\/li><\/ul>\n\n\n\n<p>A casi 104 de su fundaci\u00f3n, la Banda Municipal de Torre\u00f3n celebrar\u00e1 en grande&nbsp;&nbsp;el lanzamiento de su primer EP con un concierto al aire libre en el quiosco de&nbsp;&nbsp;la Alameda Zaragoza, este domingo 28 de marzo a las 18:00 horas, inform\u00f3 la Direcci\u00f3n General de Cultura de Torre\u00f3n.<\/p>\n\n\n\n<p>Si bien, Torre\u00f3n desde sus inicios, incluso antes de ser ascendida al rango de ciudad, ha estado acompa\u00f1ada por una agrupaci\u00f3n musical que en un inicio, solo se encargaba de amenizar aniversarios y fiestas c\u00edvicas,&nbsp;&nbsp;fue hasta 1917 cuando el cabildo de Torre\u00f3n aprob\u00f3 la creaci\u00f3n de la Banda Municipal con Samuel H. Mercado como primer director.&nbsp;&nbsp;A trav\u00e9s de las d\u00e9cadas, la BMT ha sido uno de los activos culturales m\u00e1s importantes de la ciudad, estando presente diversos acontecimientos, que la convierten en un referente en la historia de Torre\u00f3n.&nbsp;&nbsp;Desde 2010 es dirigida por el maestro Juan Manuel Barrios Ch\u00e1vez y est\u00e1 conformada por 34 integrantes laguneros y laguneras.<\/p>\n\n\n\n<p>El primer material discogr\u00e1fico de la BMT que lleva por t\u00edtulo \u201cTorre\u00f3n de Moda\u201d cuenta con la participaci\u00f3n del Coro del Instituto de M\u00fasica de Coahuila, y est\u00e1 compuesto por SEIS piezas ,tanto canciones tradicionales de la regi\u00f3n como m\u00fasica popular.<\/p>\n\n\n\n<p>Las piezas<em>&nbsp;<\/em>que conforman el EP&nbsp;<em>Torre\u00f3n de Moda<\/em>&nbsp;son: \u201cLa Filomena\u201d, \u201cEl corrido de Torre\u00f3n\u201d de Alberto Gonz\u00e1lez Domene, \u201cMarcha Torre\u00f3n\u201d de Manuel A. Salazar, \u201cA mis hijos\u201d de Juan \u00c1ngel N\u00e1jera Vel\u00e1zquez, \u201cDe Torre\u00f3n a Lerdo\u201d de Pioquinto Gonz\u00e1lez y \u201cTorre\u00f3n de Moda\u201d.<\/p>\n\n\n\n<p>El EP de la Banda Municipal ya se encuentra disponible en las plataformas digitales, Spotify, Apple Music, Amazon, Deezer, Tidal y en Youtube en el canal de la Direcci\u00f3n General de Cultura. Asimismo, tambi\u00e9n se ha creado un micrositio en el cual se pueden escuchar y descargar de manera gratuita&nbsp;&nbsp;las seis piezas<em>&nbsp;<\/em>incluidos en este material:&nbsp;<a href=\"http:\/\/www.torreon.gob.mx\/bandamunicipal\/\">http:\/\/www.torreon.gob.mx\/bandamunicipal\/<\/a>, adem\u00e1s, recientemente la BMT abri\u00f3 sus redes sociales oficiales para ofrecer nuevos canales de informaci\u00f3n de sus actividades, se pueden encontrar en&nbsp;&nbsp;facebook coomo&nbsp;<strong>Banda Municipal de Torre\u00f3n<\/strong>, Instagram&nbsp;<strong>bandamunicipaltorreon&nbsp;<\/strong>y Twitter&nbsp;<strong>@BandaMpalTRC<\/strong>.<\/p>\n\n\n\n<p>Durante la presentaci\u00f3n se regalar\u00e1 un d\u00edptico informativo con indicaciones y&nbsp;&nbsp;CODIGO QR para acceder de manera m\u00e1s r\u00e1pida al micrositio.&nbsp;<\/p>\n","protected":false},"excerpt":{"rendered":"<p>El concierto se realizar\u00e1 en el quiosco de la Alameda Zaragoza este domingo a las 18 horas. A casi 104 de su fundaci\u00f3n, la Banda Municipal de Torre\u00f3n celebrar\u00e1 en &hellip; <a href=\"https:\/\/lavereda.com.mx\/index.php\/2021\/03\/26\/la-banda-municipal-de-torreon-lanza-su-primer-ep\/\" class=\"more-link\">Leer m\u00e1s<\/a><\/p>\n","protected":false},"author":1,"featured_media":1449,"comment_status":"open","ping_status":"open","sticky":false,"template":"","format":"standard","meta":{"footnotes":""},"categories":[4],"tags":[],"class_list":["post-1448","post","type-post","status-publish","format-standard","has-post-thumbnail","hentry","category-musica","entry"],"_links":{"self":[{"href":"https:\/\/lavereda.com.mx\/index.php\/wp-json\/wp\/v2\/posts\/1448","targetHints":{"allow":["GET"]}}],"collection":[{"href":"https:\/\/lavereda.com.mx\/index.php\/wp-json\/wp\/v2\/posts"}],"about":[{"href":"https:\/\/lavereda.com.mx\/index.php\/wp-json\/wp\/v2\/types\/post"}],"author":[{"embeddable":true,"href":"https:\/\/lavereda.com.mx\/index.php\/wp-json\/wp\/v2\/users\/1"}],"replies":[{"embeddable":true,"href":"https:\/\/lavereda.com.mx\/index.php\/wp-json\/wp\/v2\/comments?post=1448"}],"version-history":[{"count":2,"href":"https:\/\/lavereda.com.mx\/index.php\/wp-json\/wp\/v2\/posts\/1448\/revisions"}],"predecessor-version":[{"id":1505,"href":"https:\/\/lavereda.com.mx\/index.php\/wp-json\/wp\/v2\/posts\/1448\/revisions\/1505"}],"wp:featuredmedia":[{"embeddable":true,"href":"https:\/\/lavereda.com.mx\/index.php\/wp-json\/wp\/v2\/media\/1449"}],"wp:attachment":[{"href":"https:\/\/lavereda.com.mx\/index.php\/wp-json\/wp\/v2\/media?parent=1448"}],"wp:term":[{"taxonomy":"category","embeddable":true,"href":"https:\/\/lavereda.com.mx\/index.php\/wp-json\/wp\/v2\/categories?post=1448"},{"taxonomy":"post_tag","embeddable":true,"href":"https:\/\/lavereda.com.mx\/index.php\/wp-json\/wp\/v2\/tags?post=1448"}],"curies":[{"name":"wp","href":"https:\/\/api.w.org\/{rel}","templated":true}]}}