{"id":1445,"date":"2021-03-25T03:08:25","date_gmt":"2021-03-25T03:08:25","guid":{"rendered":"http:\/\/lavereda.com.mx\/?p=1445"},"modified":"2021-03-25T03:08:27","modified_gmt":"2021-03-25T03:08:27","slug":"imparten-la-conferencia-la-importancia-de-la-mujer-en-la-economia","status":"publish","type":"post","link":"https:\/\/lavereda.com.mx\/index.php\/2021\/03\/25\/imparten-la-conferencia-la-importancia-de-la-mujer-en-la-economia\/","title":{"rendered":"Imparten la conferencia: La importancia de la mujer en la econom\u00eda"},"content":{"rendered":"\n<p>En el marco de las actividades del Mes de la Mujer, Canacintra Torre\u00f3n organiza la conferencia virtual \u201cLa Importancia de la Mujer en la Econom\u00eda\u201d misma que ser\u00e1 impartida por Samantha Ruiz.<\/p>\n\n\n\n<p>La charla se llevar\u00e1 a cabo el d\u00eda 25 de marzo a las 5:00 pm por la plataforma de streaming Zoom.<\/p>\n\n\n\n<p>La ponente es integrante de la red de Empresas Socialmente Responsables en La Laguna, Tutora para el Instituto de Emprendimiento Eugenio Garza Lag\u00fcera (IEEG) del ITESM y Directora General de INCIDE Femme A. C., Instituto del Instituto de Formaci\u00f3n, Investigaci\u00f3n y Consultor\u00eda de G\u00e9nero y Derechos Humanos<\/p>\n\n\n\n<p>Es Lic. en Sociolog\u00eda (UAdeC) tiene Maestr\u00eda en Gesti\u00f3n P\u00fablica (ITESM) y una Especializaci\u00f3n en Derechos Humanos y Pensamiento Cr\u00edtico en el Consejo Latinoamericano de Ciencias Sociales (CLACSO) y Diplomada en Liderazgo Empresarial en el Centro de Formaci\u00f3n y Perfeccionamiento Directivo (ICAMI) y Maestr\u00eda en Desarrollo Organizacional (ULA).<\/p>\n\n\n\n<p>Trabaj\u00f3 en el Gobierno Federal en el Programa de Desarrollo Humano Oportunidades Coahuila y en el Gobierno Municipal de Torre\u00f3n en el Departamento de Atenci\u00f3n a la Juventud.<\/p>\n\n\n\n<p>Ha sido panelista y conferencista en diversos eventos como \u201cDiscriminaci\u00f3n Estructural\u201d (Colectivo Rompiendo Etiquetas, Mayo 2020), \u201cLas mujeres y el crecimiento econ\u00f3mico (ITESM-IMEF, Mayo 2020), \u201cEmpoderamiento\u201d (ULSA-IMEF, 2019), Coloquio Mercado Laboral y G\u00e9nero (UAdeC Saltillo, 2018), \u201c7o Encuentro Regional de Responsabilidad Social\u201d (Empresas Socialmente Responsables, 2017), \u201cEmpoderamiento de la Mujer\u201d en el IX Encuentro Latinoamericano de Empresas Socialmente Responsables de CEMEFI, mayo 2016).<\/p>\n\n\n\n<p>En su experiencia en la IP trabaj\u00f3 en Grupo Lala como Jefa Corporativa de Diversidad e Inclusi\u00f3n en donde lider\u00f3 la transversalizaci\u00f3n de la perspectiva de Derechos Humanos, Igualdad y no discriminaci\u00f3n en toda la compa\u00f1\u00eda.<\/p>\n\n\n\n<p>La conferencia es abierta al p\u00fablico en general, por lo cual para asistir hay que entrar al siguiente enlace:\u00a0\u200bhttps:\/\/bit.ly\/3bVyDn3\u200b\u00a0para registrarse previamente<\/p>\n","protected":false},"excerpt":{"rendered":"<p>En el marco de las actividades del Mes de la Mujer, Canacintra Torre\u00f3n organiza la conferencia virtual \u201cLa Importancia de la Mujer en la Econom\u00eda\u201d misma que ser\u00e1 impartida por &hellip; <a href=\"https:\/\/lavereda.com.mx\/index.php\/2021\/03\/25\/imparten-la-conferencia-la-importancia-de-la-mujer-en-la-economia\/\" class=\"more-link\">Leer m\u00e1s<\/a><\/p>\n","protected":false},"author":1,"featured_media":1446,"comment_status":"open","ping_status":"open","sticky":false,"template":"","format":"standard","meta":{"footnotes":""},"categories":[12],"tags":[],"class_list":["post-1445","post","type-post","status-publish","format-standard","has-post-thumbnail","hentry","category-equidad","entry"],"_links":{"self":[{"href":"https:\/\/lavereda.com.mx\/index.php\/wp-json\/wp\/v2\/posts\/1445","targetHints":{"allow":["GET"]}}],"collection":[{"href":"https:\/\/lavereda.com.mx\/index.php\/wp-json\/wp\/v2\/posts"}],"about":[{"href":"https:\/\/lavereda.com.mx\/index.php\/wp-json\/wp\/v2\/types\/post"}],"author":[{"embeddable":true,"href":"https:\/\/lavereda.com.mx\/index.php\/wp-json\/wp\/v2\/users\/1"}],"replies":[{"embeddable":true,"href":"https:\/\/lavereda.com.mx\/index.php\/wp-json\/wp\/v2\/comments?post=1445"}],"version-history":[{"count":1,"href":"https:\/\/lavereda.com.mx\/index.php\/wp-json\/wp\/v2\/posts\/1445\/revisions"}],"predecessor-version":[{"id":1447,"href":"https:\/\/lavereda.com.mx\/index.php\/wp-json\/wp\/v2\/posts\/1445\/revisions\/1447"}],"wp:featuredmedia":[{"embeddable":true,"href":"https:\/\/lavereda.com.mx\/index.php\/wp-json\/wp\/v2\/media\/1446"}],"wp:attachment":[{"href":"https:\/\/lavereda.com.mx\/index.php\/wp-json\/wp\/v2\/media?parent=1445"}],"wp:term":[{"taxonomy":"category","embeddable":true,"href":"https:\/\/lavereda.com.mx\/index.php\/wp-json\/wp\/v2\/categories?post=1445"},{"taxonomy":"post_tag","embeddable":true,"href":"https:\/\/lavereda.com.mx\/index.php\/wp-json\/wp\/v2\/tags?post=1445"}],"curies":[{"name":"wp","href":"https:\/\/api.w.org\/{rel}","templated":true}]}}