{"id":1442,"date":"2021-03-24T19:42:46","date_gmt":"2021-03-24T19:42:46","guid":{"rendered":"http:\/\/lavereda.com.mx\/?p=1442"},"modified":"2021-03-24T19:42:47","modified_gmt":"2021-03-24T19:42:47","slug":"egresa-nueva-generacion-de-bailarines-en-danza-contemporanea","status":"publish","type":"post","link":"https:\/\/lavereda.com.mx\/index.php\/2021\/03\/24\/egresa-nueva-generacion-de-bailarines-en-danza-contemporanea\/","title":{"rendered":"Egresa nueva generaci\u00f3n de bailarines en danza contempor\u00e1nea"},"content":{"rendered":"\n<p>La Escuela Municipal de Danza Contempor\u00e1nea de Torre\u00f3n presentar\u00e1 este viernes 26 de marzo una funci\u00f3n de titulaci\u00f3n de siete bailarines ejecutantes en danza contempor\u00e1nea, de la generaci\u00f3n 2016-2020. La cita es a las 19:00 horas en el Teatro Alfonso Garibay y habr\u00e1 transmisi\u00f3n por Facebook.<\/p>\n\n\n\n<p>El director de la escuela, Jaime Hinojosa, coment\u00f3 que la<strong>&nbsp;<\/strong>instituci\u00f3n<strong>&nbsp;<\/strong>celebra su aniversario XXV de la mejor manera: Titula, en este ex\u00e1men esc\u00e9nico -posterior a la presentaci\u00f3n de sus tesis-,&nbsp;&nbsp;&nbsp;una generaci\u00f3n m\u00e1s de bailarines que concluyen la licenciatura.<strong><\/strong><\/p>\n\n\n\n<p>\u201cEl recuento del tiempo&nbsp;&nbsp;revela sus inicios: En 1996 arranca en G\u00f3mez Palacio, Dgo. en 2013 continua en el Centro de inicicaci\u00f3n art\u00edstica Pilar Rioja, en Torre\u00f3n, en 2009 convalece en el Teatro Isauro Mart\u00ednez herida de bastardo y venenozo dardo; desde el 2014 pertenece al municipio, ya tiene casa y es sedentaria, m\u00e1s no en lo acad\u00e9mico ni en lo creativo\u201d, comparti\u00f3 el maestro y core\u00f3grafo.&nbsp;<\/p>\n\n\n\n<p>Agreg\u00f3 que \u201cla ESDACONT, escuela de peregrinajes, egresa&nbsp;bailarines profesionales capacitados y solventes para el desempe\u00f1o y ejercicio de la danza contempor\u00e1nea,&nbsp;&nbsp;trabaja para el humanismo y la libertad creativa.&nbsp;Depende de la Direcci\u00f3n General de Cultura del Municipio de Torre\u00f3n\u201d.<\/p>\n\n\n\n<p>Son siete los jovenes que concluyen satisfactoriamente la carga acad\u00e9mica de la curr\u00edcula de esta licenciatura, 28 materias agrupadas en cuatro bloques: Ejecuci\u00f3n, Creaci\u00f3n, Te\u00f3rico art\u00edstica y Codisciplinar que, en su conjunto, perfilan una fisicalidad interpretativa solvente y amable, agreg\u00f3 Jaime Hinojosa.<\/p>\n\n\n\n<p>El programa de la funci\u00f3n se integra de 4 obras:&nbsp;<em>\u201cLejos del parque\u201d<\/em>, de Claudia Desimone -core\u00f3grafa invitada para su remontaje-, estrenada en Ballet Independiente que fundara y dirigiera Ra\u00fal Flores Canelo.&nbsp;<em>\u201cEspuma Aldebar\u00e1n\u201d<\/em>&nbsp;de&nbsp;&nbsp;Sara Ovalle y dos m\u00e1s de alumnos de esta generaci\u00f3n.&nbsp;&nbsp;<\/p>\n","protected":false},"excerpt":{"rendered":"<p>La Escuela Municipal de Danza Contempor\u00e1nea de Torre\u00f3n presentar\u00e1 este viernes 26 de marzo una funci\u00f3n de titulaci\u00f3n de siete bailarines ejecutantes en danza contempor\u00e1nea, de la generaci\u00f3n 2016-2020. La &hellip; <a href=\"https:\/\/lavereda.com.mx\/index.php\/2021\/03\/24\/egresa-nueva-generacion-de-bailarines-en-danza-contemporanea\/\" class=\"more-link\">Leer m\u00e1s<\/a><\/p>\n","protected":false},"author":1,"featured_media":1443,"comment_status":"open","ping_status":"open","sticky":false,"template":"","format":"standard","meta":{"footnotes":""},"categories":[2],"tags":[],"class_list":["post-1442","post","type-post","status-publish","format-standard","has-post-thumbnail","hentry","category-artes-escenicas","entry"],"_links":{"self":[{"href":"https:\/\/lavereda.com.mx\/index.php\/wp-json\/wp\/v2\/posts\/1442","targetHints":{"allow":["GET"]}}],"collection":[{"href":"https:\/\/lavereda.com.mx\/index.php\/wp-json\/wp\/v2\/posts"}],"about":[{"href":"https:\/\/lavereda.com.mx\/index.php\/wp-json\/wp\/v2\/types\/post"}],"author":[{"embeddable":true,"href":"https:\/\/lavereda.com.mx\/index.php\/wp-json\/wp\/v2\/users\/1"}],"replies":[{"embeddable":true,"href":"https:\/\/lavereda.com.mx\/index.php\/wp-json\/wp\/v2\/comments?post=1442"}],"version-history":[{"count":1,"href":"https:\/\/lavereda.com.mx\/index.php\/wp-json\/wp\/v2\/posts\/1442\/revisions"}],"predecessor-version":[{"id":1444,"href":"https:\/\/lavereda.com.mx\/index.php\/wp-json\/wp\/v2\/posts\/1442\/revisions\/1444"}],"wp:featuredmedia":[{"embeddable":true,"href":"https:\/\/lavereda.com.mx\/index.php\/wp-json\/wp\/v2\/media\/1443"}],"wp:attachment":[{"href":"https:\/\/lavereda.com.mx\/index.php\/wp-json\/wp\/v2\/media?parent=1442"}],"wp:term":[{"taxonomy":"category","embeddable":true,"href":"https:\/\/lavereda.com.mx\/index.php\/wp-json\/wp\/v2\/categories?post=1442"},{"taxonomy":"post_tag","embeddable":true,"href":"https:\/\/lavereda.com.mx\/index.php\/wp-json\/wp\/v2\/tags?post=1442"}],"curies":[{"name":"wp","href":"https:\/\/api.w.org\/{rel}","templated":true}]}}