{"id":1439,"date":"2021-03-24T02:00:32","date_gmt":"2021-03-24T02:00:32","guid":{"rendered":"http:\/\/lavereda.com.mx\/?p=1439"},"modified":"2021-03-24T02:00:33","modified_gmt":"2021-03-24T02:00:33","slug":"gustavo-montes-charla-sobre-el-patrimonio-en-gomez-palacio-y-lerdo","status":"publish","type":"post","link":"https:\/\/lavereda.com.mx\/index.php\/2021\/03\/24\/gustavo-montes-charla-sobre-el-patrimonio-en-gomez-palacio-y-lerdo\/","title":{"rendered":"Gustavo Montes charla sobre el patrimonio en G\u00f3mez Palacio y Lerdo"},"content":{"rendered":"\n<p>El programa \u201cCharlas con arquitectos\u201d del Museo Arocena y la Universidad Aut\u00f3noma de Coahuila, presenta este jueves 25 de marzo la charla \u201cPatrimonio construido en G\u00f3mez Palacio y Lerdo\u201d con el artista visual y arquitecto Gustavo Montes.<\/p>\n\n\n\n<p>Gustavo Montes se pregunta \u00bfqu\u00e9 hay del patrimonio construido en estas ciudades?<\/p>\n\n\n\n<p>\u201cLos habitantes al caminar por el centro de estas ciudades descubirmos un lote o un derrumbe o construcci\u00f3n nueva y cada vez se desvanece m\u00e1s la posibilidad de tener un centro hist\u00f3rico.<\/p>\n\n\n\n<p>Si no actuamos en algun momento solo quedar\u00e1n centros religiosos o administrativos\u201d.<\/p>\n\n\n\n<p>Este programa de charlas es organizado en conjunto con la UAC y la Facultad de Arquitectura acerca de temas relacionados con el urbanismo, el dise\u00f1o y el patrimonio.&nbsp;&nbsp;<\/p>\n\n\n\n<p>En las sesiones, los arquitectos participantes invitar\u00e1n al di\u00e1logo a trav\u00e9s del an\u00e1lisis de construcciones arquitect\u00f3nicas en La Laguna y elementos identitarios de la regi\u00f3n, tales como la vivienda obrera y el patrimonio moderno.<\/p>\n\n\n\n<p><strong><em>La transmisi\u00f3n ser\u00e1 por Facebook Live a las 19:00 horas, en la p\u00e1gina del Museo Arocena.<\/em><\/strong><\/p>\n","protected":false},"excerpt":{"rendered":"<p>El programa \u201cCharlas con arquitectos\u201d del Museo Arocena y la Universidad Aut\u00f3noma de Coahuila, presenta este jueves 25 de marzo la charla \u201cPatrimonio construido en G\u00f3mez Palacio y Lerdo\u201d con &hellip; <a href=\"https:\/\/lavereda.com.mx\/index.php\/2021\/03\/24\/gustavo-montes-charla-sobre-el-patrimonio-en-gomez-palacio-y-lerdo\/\" class=\"more-link\">Leer m\u00e1s<\/a><\/p>\n","protected":false},"author":1,"featured_media":1440,"comment_status":"open","ping_status":"open","sticky":false,"template":"","format":"standard","meta":{"footnotes":""},"categories":[11],"tags":[],"class_list":["post-1439","post","type-post","status-publish","format-standard","has-post-thumbnail","hentry","category-agenda","entry"],"_links":{"self":[{"href":"https:\/\/lavereda.com.mx\/index.php\/wp-json\/wp\/v2\/posts\/1439","targetHints":{"allow":["GET"]}}],"collection":[{"href":"https:\/\/lavereda.com.mx\/index.php\/wp-json\/wp\/v2\/posts"}],"about":[{"href":"https:\/\/lavereda.com.mx\/index.php\/wp-json\/wp\/v2\/types\/post"}],"author":[{"embeddable":true,"href":"https:\/\/lavereda.com.mx\/index.php\/wp-json\/wp\/v2\/users\/1"}],"replies":[{"embeddable":true,"href":"https:\/\/lavereda.com.mx\/index.php\/wp-json\/wp\/v2\/comments?post=1439"}],"version-history":[{"count":1,"href":"https:\/\/lavereda.com.mx\/index.php\/wp-json\/wp\/v2\/posts\/1439\/revisions"}],"predecessor-version":[{"id":1441,"href":"https:\/\/lavereda.com.mx\/index.php\/wp-json\/wp\/v2\/posts\/1439\/revisions\/1441"}],"wp:featuredmedia":[{"embeddable":true,"href":"https:\/\/lavereda.com.mx\/index.php\/wp-json\/wp\/v2\/media\/1440"}],"wp:attachment":[{"href":"https:\/\/lavereda.com.mx\/index.php\/wp-json\/wp\/v2\/media?parent=1439"}],"wp:term":[{"taxonomy":"category","embeddable":true,"href":"https:\/\/lavereda.com.mx\/index.php\/wp-json\/wp\/v2\/categories?post=1439"},{"taxonomy":"post_tag","embeddable":true,"href":"https:\/\/lavereda.com.mx\/index.php\/wp-json\/wp\/v2\/tags?post=1439"}],"curies":[{"name":"wp","href":"https:\/\/api.w.org\/{rel}","templated":true}]}}