{"id":1436,"date":"2021-03-23T15:27:18","date_gmt":"2021-03-23T15:27:18","guid":{"rendered":"http:\/\/lavereda.com.mx\/?p=1436"},"modified":"2021-03-23T15:27:19","modified_gmt":"2021-03-23T15:27:19","slug":"museo-arocena-exhibe-nuevamente-la-bienal-internacional-del-cartel","status":"publish","type":"post","link":"https:\/\/lavereda.com.mx\/index.php\/2021\/03\/23\/museo-arocena-exhibe-nuevamente-la-bienal-internacional-del-cartel\/","title":{"rendered":"Museo Arocena exhibe nuevamente  la Bienal Internacional del Cartel"},"content":{"rendered":"\n<p>Como cada dos a\u00f1os, el Museo Arocena se suma a la Bienal Internacional del Cartel en M\u00e9xico, al organizar y presentar a trav\u00e9s de su alianza de varias ediciones, uno de los cert\u00e1menes m\u00e1s importantes de dise\u00f1o gr\u00e1fico en nuestro pa\u00eds.&nbsp;<\/p>\n\n\n\n<p>Desde el 20 de marzo la muestra est\u00e1 disponible para ser apreciada por el p\u00fablico. Se puede visitar de forma presencial los mi\u00e9rcoles y domingos, aunque en pr\u00f3ximos d\u00edas el museo podr\u00eda anunciar la apertura de m\u00e1s d\u00edas a la semana.<\/p>\n\n\n\n<p>La bienal se integra de 418 carteles de 43 pa\u00edses, que presentan a los m\u00e1ximos exponentes del dise\u00f1o gr\u00e1fico mundial.&nbsp;&nbsp;Esta vez, en su decimosexta edici\u00f3n, cuenta con Alemania como pa\u00eds invitado.&nbsp;<\/p>\n\n\n\n<p>Los organizadores informaron que la Bienal Internacional del Cartel en M\u00e9xico \u201ces un escaparate de logros de artistas gr\u00e1ficos a los que esta instituci\u00f3n y su cat\u00e1logo dan un merecido reconocimiento\u201d.&nbsp;<\/p>\n\n\n\n<blockquote class=\"wp-block-quote is-layout-flow wp-block-quote-is-layout-flow\"><p>\u201cAsimismo, es un lugar de encuentro de creadores emergentes y dise\u00f1adores consolidados que proyectan su potencial hacia logros futuros. Como plataforma, comparte en gran medida los objetivos del Museo Arocena de fortalecer la experiencia creativa, comunicar el arte y socializar los temas de nuestra contemporaneidad esperando as\u00ed influenciar positivamente su entorno\u201d.<\/p><\/blockquote>\n\n\n\n<p>Como siempre, las categr\u00edas de exhibici\u00f3n nos muestran una profunda reflexi\u00f3n de los temas sociales y culturales del mundo moderno.<\/p>\n\n\n\n<p>Frente a un mundo cada vez m\u00e1s complejo, la edici\u00f3n n\u00famero 16 propone soluciones gr\u00e1ficas a distintas tem\u00e1ticas. En primer t\u00e9rmino, como ya es tradicional, a la cultura en todas sus manifestaciones, particularmente a la cinematograf\u00eda. En segundo lugar, a temas sociales de atenci\u00f3n urgente como es la no violencia contra las mujeres y la conservaci\u00f3n de nuestro planeta.&nbsp;<\/p>\n\n\n\n<p>Asimismo, innova con dos categor\u00edas que exploran las condiciones contempor\u00e1neas de nuestro pa\u00eds, desde lo estructural con la categor\u00eda \u201cpor un M\u00e9xico libre de corrupci\u00f3n\u201d, hasta la econom\u00eda: \u201cm\u00e1s competencia para poder elegir\u201d.<\/p>\n\n\n\n<p>&nbsp;\u201cEl Museo Arocena se enorgullece de sumarse nuevamente a esta plataforma como instituci\u00f3n convocante aliada de varios a\u00f1os y sede de la muestra. En la decimosexta edici\u00f3n, agradecemos a las personas e instituciones que han hecho posible su celebraci\u00f3n. Estamos seguros de que, de esta manera, juntos consolidaremos una vez m\u00e1s a la Bienal Internacional del Cartel en M\u00e9xico como el foro m\u00e1s importante de dise\u00f1o gr\u00e1fico creado en M\u00e9xico para el mundo\u201d, expresaron en su comunicado.<\/p>\n","protected":false},"excerpt":{"rendered":"<p>Como cada dos a\u00f1os, el Museo Arocena se suma a la Bienal Internacional del Cartel en M\u00e9xico, al organizar y presentar a trav\u00e9s de su alianza de varias ediciones, uno &hellip; <a href=\"https:\/\/lavereda.com.mx\/index.php\/2021\/03\/23\/museo-arocena-exhibe-nuevamente-la-bienal-internacional-del-cartel\/\" class=\"more-link\">Leer m\u00e1s<\/a><\/p>\n","protected":false},"author":1,"featured_media":1437,"comment_status":"open","ping_status":"open","sticky":false,"template":"","format":"standard","meta":{"footnotes":""},"categories":[3],"tags":[],"class_list":["post-1436","post","type-post","status-publish","format-standard","has-post-thumbnail","hentry","category-artes-visuales","entry"],"_links":{"self":[{"href":"https:\/\/lavereda.com.mx\/index.php\/wp-json\/wp\/v2\/posts\/1436","targetHints":{"allow":["GET"]}}],"collection":[{"href":"https:\/\/lavereda.com.mx\/index.php\/wp-json\/wp\/v2\/posts"}],"about":[{"href":"https:\/\/lavereda.com.mx\/index.php\/wp-json\/wp\/v2\/types\/post"}],"author":[{"embeddable":true,"href":"https:\/\/lavereda.com.mx\/index.php\/wp-json\/wp\/v2\/users\/1"}],"replies":[{"embeddable":true,"href":"https:\/\/lavereda.com.mx\/index.php\/wp-json\/wp\/v2\/comments?post=1436"}],"version-history":[{"count":1,"href":"https:\/\/lavereda.com.mx\/index.php\/wp-json\/wp\/v2\/posts\/1436\/revisions"}],"predecessor-version":[{"id":1438,"href":"https:\/\/lavereda.com.mx\/index.php\/wp-json\/wp\/v2\/posts\/1436\/revisions\/1438"}],"wp:featuredmedia":[{"embeddable":true,"href":"https:\/\/lavereda.com.mx\/index.php\/wp-json\/wp\/v2\/media\/1437"}],"wp:attachment":[{"href":"https:\/\/lavereda.com.mx\/index.php\/wp-json\/wp\/v2\/media?parent=1436"}],"wp:term":[{"taxonomy":"category","embeddable":true,"href":"https:\/\/lavereda.com.mx\/index.php\/wp-json\/wp\/v2\/categories?post=1436"},{"taxonomy":"post_tag","embeddable":true,"href":"https:\/\/lavereda.com.mx\/index.php\/wp-json\/wp\/v2\/tags?post=1436"}],"curies":[{"name":"wp","href":"https:\/\/api.w.org\/{rel}","templated":true}]}}