{"id":1432,"date":"2021-03-22T17:17:42","date_gmt":"2021-03-22T17:17:42","guid":{"rendered":"http:\/\/lavereda.com.mx\/?p=1432"},"modified":"2021-03-22T17:17:44","modified_gmt":"2021-03-22T17:17:44","slug":"lanzan-el-premio-nacional-de-ballet-saltillo-2021","status":"publish","type":"post","link":"https:\/\/lavereda.com.mx\/index.php\/2021\/03\/22\/lanzan-el-premio-nacional-de-ballet-saltillo-2021\/","title":{"rendered":"Lanzan el Premio Nacional de Ballet, Saltillo 2021"},"content":{"rendered":"\n<ul class=\"wp-block-list\"><li><strong>Las y los bailarines y core\u00f3grafos interesados en participar podr\u00e1n hacerlo hasta el 18 de abril.<\/strong><\/li><\/ul>\n\n\n\n<p>Con el objetivo de\u00a0visibilizar las propuestas de ejecutantes y core\u00f3grafos de Ballet, as\u00ed como de los talentos emergentes a nivel nacional y promover la creaci\u00f3n coreogr\u00e1fica contempor\u00e1nea en M\u00e9xico,\u00a0el Gobierno Municipal de Saltillo, a trav\u00e9s del Instituto Municipal de Cultura (IMCS),\u00a0anunci\u00f3 la apertura del\u00a0Premio Nacional de Ballet Saltillo 2021.<\/p>\n\n\n\n<p>Los organizadores indicaron que se trata del premio m\u00e1s importante en su g\u00e9nero, a nivel nacional. \u00abConscientes de que bailarines y core\u00f3grafos enfrentan grandes retos laborales y econ\u00f3micos, en medio de la crisis que ha causado la pandemia por COVID-19, se lanza la convocatoria de la segunda edici\u00f3n del\u00a0Premio Nacional de Ballet, Saltillo 2021\u00a0que ofrece importantes est\u00edmulos econ\u00f3micos\u00bb.<\/p>\n\n\n\n<p>La convocatoria contempla tres categor\u00edas: Mejor Ejecuci\u00f3n Femenina, Mejor Ejecuci\u00f3n Masculina&nbsp;y Mejor Coreograf\u00eda. Las y los bailarines y core\u00f3grafos ganadores, recibir\u00e1n un est\u00edmulo -en pesos mexicanos-, de 100 mil, 100 mil y 50 mil, respectivamente.<\/p>\n\n\n\n<p>En la edici\u00f3n anterior los ganadores fueron: Ivana Bueno Garc\u00e9s, mejor ejecuci\u00f3n femenina, quien actualmente forma parte del English National Ballet; Jos\u00e9 Manuel Hurtado, mejor ejecuci\u00f3n masculina, estudiante en English National Ballet School y Jorge Amarante, mejor Coreograf\u00eda Contempor\u00e1nea, actualmente core\u00f3grafo especial -invitado- en varias compa\u00f1\u00edas de danza del mundo.<\/p>\n\n\n\n<p>En este premio podr\u00e1n participar core\u00f3grafos mexicanos o extranjeros que acrediten un m\u00ednimo de 3 a\u00f1os de residencia en el pa\u00eds y estudiantes o bailarines de ballet cl\u00e1sico entre 16 y 24 a\u00f1os de edad, mexicanos o extranjeros que acrediten un m\u00ednimo de 2 a\u00f1os de residencia en el pa\u00eds.<\/p>\n\n\n\n<p>El premio se desarrolla en tres etapas. Para la preselecci\u00f3n los concursantes deber\u00e1n registrarse en el siguiente enlace:&nbsp;<a href=\"https:\/\/forms.gle\/48Zcq8kUPTQL6u1Y8\" target=\"_blank\" rel=\"noreferrer noopener\">https:\/\/forms.gle\/48Zcq8kUPTQL6u1Y8<\/a>,&nbsp; anexando en el mismo una fotograf\u00eda de plano medio (cabeza y torso), en formato JPG; una fotograf\u00eda de cuerpo completo, en posici\u00f3n libre, con vestuario. Incluir el link de video de Youtube ejecutando una de las variaciones del repertorio tradicional, grabada en el sal\u00f3n de clase, sin vestuario (con ropa de trabajo) y zapatillas de puntas para las mujeres. -Grabaci\u00f3n en sentido horizontal HD- en una toma con c\u00e1mara fija.&nbsp;<\/p>\n\n\n\n<p>Durante el proceso deber\u00e1n presentar dos variaciones del repertorio tradicional y una coreograf\u00eda contempor\u00e1nea in\u00e9dita, misma que deber\u00e1 contar con los derechos de autor de la m\u00fasica, o utilizar piezas libres de derechos de autor y tener una duraci\u00f3n m\u00e1xima de 3 minutos.<\/p>\n\n\n\n<p>As\u00ed mismo, los bailarines deber\u00e1n incluir una copia escaneada del acta de nacimiento. En el caso de participantes extranjeros, anexar comprobante de residencia m\u00ednima de dos a\u00f1os en M\u00e9xico (tres a\u00f1os para core\u00f3grafos).<\/p>\n\n\n\n<p>La fecha l\u00edmite para registro de inscripci\u00f3n es el 18 de abril de 2021. Los seleccionados ser\u00e1n notificados v\u00eda mail a m\u00e1s tardar el 3 de mayo de 2021 y continuar\u00e1n participando en las siguientes etapas: Semifinal y Final. Las bases se pueden consultar en<a href=\"https:\/\/static1.squarespace.com\/static\/5abc20dc36099b63f9d29a9e\/t\/60514e21e92bc750bb5b3b9c\/1615941154382\/CONVOCATORIA+PREMIO+NACIONAL+DE+BALLET.jpeg\" target=\"_blank\" rel=\"noreferrer noopener\">https:\/\/static1.squarespace.com\/static\/5abc20dc36099b63f9d29a9e\/t\/60514e21e92bc750bb5b3b9c\/1615941154382\/CONVOCATORIA+PREMIO+NACIONAL+DE+BALLET.jpeg<\/a><\/p>\n\n\n\n<p>La premiaci\u00f3n se llevar\u00e1 a cabo el 27 de julio de 2021.<\/p>\n","protected":false},"excerpt":{"rendered":"<p>Las y los bailarines y core\u00f3grafos interesados en participar podr\u00e1n hacerlo hasta el 18 de abril. Con el objetivo de\u00a0visibilizar las propuestas de ejecutantes y core\u00f3grafos de Ballet, as\u00ed como &hellip; <a href=\"https:\/\/lavereda.com.mx\/index.php\/2021\/03\/22\/lanzan-el-premio-nacional-de-ballet-saltillo-2021\/\" class=\"more-link\">Leer m\u00e1s<\/a><\/p>\n","protected":false},"author":1,"featured_media":1433,"comment_status":"open","ping_status":"open","sticky":false,"template":"","format":"standard","meta":{"footnotes":""},"categories":[2,18],"tags":[],"class_list":["post-1432","post","type-post","status-publish","format-standard","has-post-thumbnail","hentry","category-artes-escenicas","category-lomasrelevante","entry"],"_links":{"self":[{"href":"https:\/\/lavereda.com.mx\/index.php\/wp-json\/wp\/v2\/posts\/1432","targetHints":{"allow":["GET"]}}],"collection":[{"href":"https:\/\/lavereda.com.mx\/index.php\/wp-json\/wp\/v2\/posts"}],"about":[{"href":"https:\/\/lavereda.com.mx\/index.php\/wp-json\/wp\/v2\/types\/post"}],"author":[{"embeddable":true,"href":"https:\/\/lavereda.com.mx\/index.php\/wp-json\/wp\/v2\/users\/1"}],"replies":[{"embeddable":true,"href":"https:\/\/lavereda.com.mx\/index.php\/wp-json\/wp\/v2\/comments?post=1432"}],"version-history":[{"count":1,"href":"https:\/\/lavereda.com.mx\/index.php\/wp-json\/wp\/v2\/posts\/1432\/revisions"}],"predecessor-version":[{"id":1434,"href":"https:\/\/lavereda.com.mx\/index.php\/wp-json\/wp\/v2\/posts\/1432\/revisions\/1434"}],"wp:featuredmedia":[{"embeddable":true,"href":"https:\/\/lavereda.com.mx\/index.php\/wp-json\/wp\/v2\/media\/1433"}],"wp:attachment":[{"href":"https:\/\/lavereda.com.mx\/index.php\/wp-json\/wp\/v2\/media?parent=1432"}],"wp:term":[{"taxonomy":"category","embeddable":true,"href":"https:\/\/lavereda.com.mx\/index.php\/wp-json\/wp\/v2\/categories?post=1432"},{"taxonomy":"post_tag","embeddable":true,"href":"https:\/\/lavereda.com.mx\/index.php\/wp-json\/wp\/v2\/tags?post=1432"}],"curies":[{"name":"wp","href":"https:\/\/api.w.org\/{rel}","templated":true}]}}