{"id":1428,"date":"2021-03-21T04:17:28","date_gmt":"2021-03-21T04:17:28","guid":{"rendered":"http:\/\/lavereda.com.mx\/?p=1428"},"modified":"2021-03-21T04:17:30","modified_gmt":"2021-03-21T04:17:30","slug":"akelarre","status":"publish","type":"post","link":"https:\/\/lavereda.com.mx\/index.php\/2021\/03\/21\/akelarre\/","title":{"rendered":"Akelarre"},"content":{"rendered":"\n<p><strong>(Akelarre, 2021)<\/strong><\/p>\n\n\n\n<p>Inicia el Siglo XVII. En Espa\u00f1a, la Santa Inquisici\u00f3n recorre el pa\u00eds buscando herejes.<\/p>\n\n\n\n<p>Los enviados de Dios para detener los avances del Maligno llegan al Pa\u00eds Vasco. El idioma es diferente al espa\u00f1ol y la gente es ignorante. Para los sacerdotes son bestias. Y en su misi\u00f3n tienen qu\u00e9 encontrar seguidores de alg\u00fan culto diab\u00f3lico. Detectan a los responsables en forma de seis chicas adolescentes y bellas todas, que son acusadas de pactar con el demonio. Su delito es ir al bosque a cantar de alegr\u00eda, como buenas amigas que son. Pero no importan sus motivos, pues deber\u00e1n morir en la hoguera como ejemplo para el pueblo.<\/p>\n\n\n\n<p>Para prolongar la ejecuci\u00f3n las chicas se ponen de acuerdo, e inventan una narraci\u00f3n en la que celebran el Sabat, la invocaci\u00f3n pagana del diablo, y con ello atrapan al inquisidor, que se deja seducir por sus encantos y belleza. Lo que necesitan es ganar tiempo, a trav\u00e9s de sus relatos, para que lleguen a tiempo sus rescatadores.<\/p>\n\n\n\n<p>Relato que recuerda Las Mil y Una Noches, Akelarre es una producci\u00f3n muy bien documentada sobre los usos de los inquisidores. Aunque es lenta en desarrollo tiene elementos interesantes, sobre c\u00f3mo el poder de la ficci\u00f3n es un arma en contra del oscurantismo.<\/p>\n\n\n\n<p>La cinta se la lleva el inquisidor, Alex Brendem\u00fchl, en su reprimido deseo por una de las brujas, y su liberaci\u00f3n, aparejada con el aquelarre que condena.<\/p>\n\n\n\n<p>(R. Restringido; menores de 17 deben estar acompa\u00f1ados de sus padres)<\/p>\n\n\n\n<p>Netflix<\/p>\n\n\n\n<p>Twitter @LucianoCamposG<\/p>\n","protected":false},"excerpt":{"rendered":"<p>(Akelarre, 2021) Inicia el Siglo XVII. En Espa\u00f1a, la Santa Inquisici\u00f3n recorre el pa\u00eds buscando herejes. Los enviados de Dios para detener los avances del Maligno llegan al Pa\u00eds Vasco. &hellip; <a href=\"https:\/\/lavereda.com.mx\/index.php\/2021\/03\/21\/akelarre\/\" class=\"more-link\">Leer m\u00e1s<\/a><\/p>\n","protected":false},"author":3,"featured_media":1429,"comment_status":"open","ping_status":"open","sticky":false,"template":"","format":"standard","meta":{"footnotes":""},"categories":[6],"tags":[],"class_list":["post-1428","post","type-post","status-publish","format-standard","has-post-thumbnail","hentry","category-cinetv","entry"],"_links":{"self":[{"href":"https:\/\/lavereda.com.mx\/index.php\/wp-json\/wp\/v2\/posts\/1428","targetHints":{"allow":["GET"]}}],"collection":[{"href":"https:\/\/lavereda.com.mx\/index.php\/wp-json\/wp\/v2\/posts"}],"about":[{"href":"https:\/\/lavereda.com.mx\/index.php\/wp-json\/wp\/v2\/types\/post"}],"author":[{"embeddable":true,"href":"https:\/\/lavereda.com.mx\/index.php\/wp-json\/wp\/v2\/users\/3"}],"replies":[{"embeddable":true,"href":"https:\/\/lavereda.com.mx\/index.php\/wp-json\/wp\/v2\/comments?post=1428"}],"version-history":[{"count":1,"href":"https:\/\/lavereda.com.mx\/index.php\/wp-json\/wp\/v2\/posts\/1428\/revisions"}],"predecessor-version":[{"id":1430,"href":"https:\/\/lavereda.com.mx\/index.php\/wp-json\/wp\/v2\/posts\/1428\/revisions\/1430"}],"wp:featuredmedia":[{"embeddable":true,"href":"https:\/\/lavereda.com.mx\/index.php\/wp-json\/wp\/v2\/media\/1429"}],"wp:attachment":[{"href":"https:\/\/lavereda.com.mx\/index.php\/wp-json\/wp\/v2\/media?parent=1428"}],"wp:term":[{"taxonomy":"category","embeddable":true,"href":"https:\/\/lavereda.com.mx\/index.php\/wp-json\/wp\/v2\/categories?post=1428"},{"taxonomy":"post_tag","embeddable":true,"href":"https:\/\/lavereda.com.mx\/index.php\/wp-json\/wp\/v2\/tags?post=1428"}],"curies":[{"name":"wp","href":"https:\/\/api.w.org\/{rel}","templated":true}]}}