{"id":1424,"date":"2021-03-21T03:59:51","date_gmt":"2021-03-21T03:59:51","guid":{"rendered":"http:\/\/lavereda.com.mx\/?p=1424"},"modified":"2021-03-21T04:26:24","modified_gmt":"2021-03-21T04:26:24","slug":"crean-una-agencia-de-trabajo-inclusiva-y-mas-humana","status":"publish","type":"post","link":"https:\/\/lavereda.com.mx\/index.php\/2021\/03\/21\/crean-una-agencia-de-trabajo-inclusiva-y-mas-humana\/","title":{"rendered":"Crean una agencia de trabajo inclusiva y m\u00e1s humana"},"content":{"rendered":"\n<p>Cambiar el&nbsp;<em>chip<\/em>&nbsp;de nuestra sociedad, aprender a integrar y valorar el talento desde todas sus capacidades, es parte de los objetivos de una agencia creativa que hoy, D\u00eda Mundial del S\u00edndrome de Down, lanza sus servicios al p\u00fablico.<\/p>\n\n\n\n<p>Un equipo de j\u00f3venes talentos desde Monterrey, ha creado el proyecto \u201cI am. Agencia creativa\u201d, donde participan chicas y chicos con alguna condici\u00f3n especial: S\u00edndrome de Down, Autismo, S\u00edndrome de Williams y discapacidad intelectual y motora.<\/p>\n\n\n\n<p>Uno de los l\u00edderes de este proyecto, el productor musical Ra\u00fal Garza, convers\u00f3 con La Vereda sobre esta innovadora propuesta:\u00a0<\/p>\n\n\n\n<p>\u201cSupe de un estudio en Barcelona en el que iniciaron con este modelo de trabajo, un enfoque diferente. Vi que s\u00ed funciona y me llam\u00f3 mucho la atenci\u00f3n. Me un\u00ed con un amigo, que ya ten\u00eda una escuela de percusiones enfocada a chicos son S\u00edndrome de Down y autismo. Ahora somos siete personas en \u00e1rea administrativa y nueve j\u00f3venes con alguna condici\u00f3n especial\u201d.<\/p>\n\n\n\n<p>Ra\u00fal es padre de Emma, una ni\u00f1a de 11 meses con S\u00edndrome de Down (SD), que ha venido revolucionar su vida y la de su familia. Esta peque\u00f1a es sin duda, parte de la inspiraci\u00f3n de la nueva empresa.<\/p>\n\n\n\n<p>\u201cCuando nos dijeron que Emma ten\u00eda alta probabilidad de nacer con S\u00edndrome de Down, lo primero que hice fue informarme. Me puse a investigar sobre el desarrollo, la estimulaci\u00f3n, vi que hay muchas oportunidades y herramientas para ellos, hasta la preparatoria, despu\u00e9s de la carrera son mas estrechas las oportunidades. En una etapa laboral, pr\u00e1cticamente se les acaban. Esto lo pens\u00e9 para ella, para que vea que desde que lleg\u00f3 al mundo, esto es normal, tal vez no le guste trabajar en una agencia, pero quiero que sepa que puede hacer lo que ella quiera, porque nunca es f\u00e1cil para nadie\u201d.<\/p>\n\n\n\n<p>Ra\u00fal comparti\u00f3 que la idea de la agencia es generar ideas, conceptos y propuestas, que se utilizar\u00e1n en productos como: p\u00e1ginas web, experiencias interactivas, realidad virtual, realidad aumentada, m\u00fasica. Se busca utilizar tecnolog\u00eda para crear diferentes aplicaciones, a trav\u00e9s de conceptos, ideas, slogans.&nbsp;<\/p>\n\n\n\n<p>Uno de los obst\u00e1culos para que se incluya a las personas con condiciones especiales en proyectos laborales, es la falta de informaci\u00f3n, consider\u00f3.<\/p>\n\n\n\n<blockquote class=\"wp-block-quote is-layout-flow wp-block-quote-is-layout-flow\"><p>\u201cNormalmente no convivimos, no tenemos la suerte de convivir con personas con alguna condici\u00f3n, todos tenemos alguna discapacidad, yo no soy capaz de much\u00edsimas cosas, soy bueno en algo, en lo que he estado capacit\u00e1ndome, en otras cosas no\u201d.<\/p><\/blockquote>\n\n\n\n<p>Actualmente, agreg\u00f3 \u201ctenemos un chavo son SD que es pintor, vende sus obras, tiene a\u00f1os estudiando arte. No por tener SD es menor su valor, es la falta de informaci\u00f3n\u201d.<\/p>\n\n\n\n<p>A\u00f1adi\u00f3 que es necesario generar el medio ambiente, la plataforma, para que cualquier persona se desarrolle. En \u201cI am\u201d ellos ser\u00e1n empleados como cualquier otro, van a tener su sueldo, beneficios como todos los dem\u00e1s en la agencia. Es su trabajo, proponer y desarrollar sus ideas.<\/p>\n\n\n\n<p>La agencia se encuentra en su etapa inicial, iniciando peque\u00f1os proyectos internos, identificando los talentos de estos j\u00f3venes, a quienes adem\u00e1s se les ofrecer\u00e1n opciones de capacitaci\u00f3n para potenciar sus habilidades. El siguiente paso es buscar clientes.<\/p>\n\n\n\n<p>Para conocer m\u00e1s sobre \u201cI am. Agencia creativa\u201d, compartimos este video:<\/p>\n\n\n\n<figure class=\"wp-block-embed is-type-video is-provider-youtube wp-block-embed-youtube wp-embed-aspect-16-9 wp-has-aspect-ratio\"><div class=\"wp-block-embed__wrapper\">\n<iframe title=\"I AM\" width=\"1170\" height=\"658\" src=\"https:\/\/www.youtube.com\/embed\/yRJq8ZslCs4?feature=oembed\" frameborder=\"0\" allow=\"accelerometer; autoplay; clipboard-write; encrypted-media; gyroscope; picture-in-picture\" allowfullscreen><\/iframe>\n<\/div><\/figure>\n\n\n\n<p>Sus redes sociales son:<\/p>\n\n\n\n<p>web.&nbsp;<a href=\"http:\/\/iamcreative.agency\/\" target=\"_blank\" rel=\"noreferrer noopener\">http:\/\/iamcreative.agency<\/a><br>mail.&nbsp;<a href=\"mailto:hola@iamcreative.agency\" target=\"_blank\" rel=\"noreferrer noopener\">hola@iamcreative.agency<\/a><br>facebook @iam.agencia.creativa<br>Instagram @<a href=\"http:\/\/iamcreative.agency\/\" target=\"_blank\" rel=\"noreferrer noopener\">iamcreative.agency<\/a><\/p>\n","protected":false},"excerpt":{"rendered":"<p>Cambiar el&nbsp;chip&nbsp;de nuestra sociedad, aprender a integrar y valorar el talento desde todas sus capacidades, es parte de los objetivos de una agencia creativa que hoy, D\u00eda Mundial del S\u00edndrome &hellip; <a href=\"https:\/\/lavereda.com.mx\/index.php\/2021\/03\/21\/crean-una-agencia-de-trabajo-inclusiva-y-mas-humana\/\" class=\"more-link\">Leer m\u00e1s<\/a><\/p>\n","protected":false},"author":9,"featured_media":1425,"comment_status":"open","ping_status":"open","sticky":false,"template":"","format":"standard","meta":{"footnotes":""},"categories":[18,8],"tags":[],"class_list":["post-1424","post","type-post","status-publish","format-standard","has-post-thumbnail","hentry","category-lomasrelevante","category-sociedad","entry"],"_links":{"self":[{"href":"https:\/\/lavereda.com.mx\/index.php\/wp-json\/wp\/v2\/posts\/1424","targetHints":{"allow":["GET"]}}],"collection":[{"href":"https:\/\/lavereda.com.mx\/index.php\/wp-json\/wp\/v2\/posts"}],"about":[{"href":"https:\/\/lavereda.com.mx\/index.php\/wp-json\/wp\/v2\/types\/post"}],"author":[{"embeddable":true,"href":"https:\/\/lavereda.com.mx\/index.php\/wp-json\/wp\/v2\/users\/9"}],"replies":[{"embeddable":true,"href":"https:\/\/lavereda.com.mx\/index.php\/wp-json\/wp\/v2\/comments?post=1424"}],"version-history":[{"count":2,"href":"https:\/\/lavereda.com.mx\/index.php\/wp-json\/wp\/v2\/posts\/1424\/revisions"}],"predecessor-version":[{"id":1431,"href":"https:\/\/lavereda.com.mx\/index.php\/wp-json\/wp\/v2\/posts\/1424\/revisions\/1431"}],"wp:featuredmedia":[{"embeddable":true,"href":"https:\/\/lavereda.com.mx\/index.php\/wp-json\/wp\/v2\/media\/1425"}],"wp:attachment":[{"href":"https:\/\/lavereda.com.mx\/index.php\/wp-json\/wp\/v2\/media?parent=1424"}],"wp:term":[{"taxonomy":"category","embeddable":true,"href":"https:\/\/lavereda.com.mx\/index.php\/wp-json\/wp\/v2\/categories?post=1424"},{"taxonomy":"post_tag","embeddable":true,"href":"https:\/\/lavereda.com.mx\/index.php\/wp-json\/wp\/v2\/tags?post=1424"}],"curies":[{"name":"wp","href":"https:\/\/api.w.org\/{rel}","templated":true}]}}