{"id":1417,"date":"2021-03-18T19:18:52","date_gmt":"2021-03-18T19:18:52","guid":{"rendered":"http:\/\/lavereda.com.mx\/?p=1417"},"modified":"2021-03-18T19:18:53","modified_gmt":"2021-03-18T19:18:53","slug":"estrenan-obra-de-la-compositora-francesa-louise-farrenc","status":"publish","type":"post","link":"https:\/\/lavereda.com.mx\/index.php\/2021\/03\/18\/estrenan-obra-de-la-compositora-francesa-louise-farrenc\/","title":{"rendered":"Estrenan obra de la compositora francesa Louise Farrenc"},"content":{"rendered":"\n<p>En cada temporada de conciertos en el teatro, el p\u00fablico pod\u00eda disfrutar de la participaci\u00f3n de grandes solistas como la pianista Mariana Chabukiani, a quien se podr\u00e1 escuchar de nuevo este viernes 19 de marzo, a trav\u00e9s del Facebook de Camerata de Coahuila. El concierto ser\u00e1 en vivo desde el Teatro Isauro Mart\u00ednez, a las 20:30 horas.<\/p>\n\n\n\n<p>En conmemoraci\u00f3n del mes de la mujer, la orquesta rendir\u00e1 un homenaje a la compositora Louise Farrenc qui\u00e9n se convirti\u00f3 en la segunda profesora de la historia del Conservatorio de Par\u00eds.<\/p>\n\n\n\n<p>Louise Farrenc disfrut\u00f3 de una reputaci\u00f3n considerable durante su vida como int\u00e9rprete y maestra. Su m\u00fasica de c\u00e1mara est\u00e1 a la altura de la mayor\u00eda de sus conocidos contempor\u00e1neos masculinos. De joven, Farrenc, una prodigio del piano, tuvo la suerte de estudiar con grandes maestros como Ignaz Moscheles, Johann Nepomuk Hummel y Anton Reicha, sus obras le valieron la aprobaci\u00f3n de la cr\u00edtica, siendo Schumann y Berlioz algunos de sus grandes admiradores.<\/p>\n\n\n\n<p>Louise Farrenc muri\u00f3 en 1875, dejando como legado 49 obras con n\u00famero de Opus y m\u00e1s de una decena sin clasificar. Detr\u00e1s de su \u00e9xito est\u00e1n el trabajo y la dedicaci\u00f3n que dieron frutos gracias a su fe en su propio talento y la voluntad de estar constantemente cultiv\u00e1ndolo.<\/p>\n\n\n\n<p>\u201cQuinteto para Piano en la Menor Op. 30\u201d, ser\u00e1 un estreno en\u00a0nuestro pa\u00eds y ser\u00e1 la primera ocasi\u00f3n en la que la orquesta interpreta obras de esta compositora.\u00a0Esta obra consta de cuatro movimientos:\u00a0Allegro, Adagio non troppo, Scherzo. Presto y Finale. Allegro.<\/p>\n\n\n\n<p>El concierto contar\u00e1 con la participaci\u00f3n de Ismael Estevan\u00e9 en el viol\u00edn; Mariana Chabukiani en el piano; Babken Vardyan en la Viola; Laila Kanni\u00f1a en el violoncello y en el contrabajo Gabriel Robles, todos ellos integrantes de la orquesta.<\/p>\n\n\n\n<p><strong>Foto: Mariana Chabukiani.<\/strong><\/p>\n","protected":false},"excerpt":{"rendered":"<p>En cada temporada de conciertos en el teatro, el p\u00fablico pod\u00eda disfrutar de la participaci\u00f3n de grandes solistas como la pianista Mariana Chabukiani, a quien se podr\u00e1 escuchar de nuevo &hellip; <a href=\"https:\/\/lavereda.com.mx\/index.php\/2021\/03\/18\/estrenan-obra-de-la-compositora-francesa-louise-farrenc\/\" class=\"more-link\">Leer m\u00e1s<\/a><\/p>\n","protected":false},"author":9,"featured_media":1418,"comment_status":"open","ping_status":"open","sticky":false,"template":"","format":"standard","meta":{"footnotes":""},"categories":[4],"tags":[],"class_list":["post-1417","post","type-post","status-publish","format-standard","has-post-thumbnail","hentry","category-musica","entry"],"_links":{"self":[{"href":"https:\/\/lavereda.com.mx\/index.php\/wp-json\/wp\/v2\/posts\/1417","targetHints":{"allow":["GET"]}}],"collection":[{"href":"https:\/\/lavereda.com.mx\/index.php\/wp-json\/wp\/v2\/posts"}],"about":[{"href":"https:\/\/lavereda.com.mx\/index.php\/wp-json\/wp\/v2\/types\/post"}],"author":[{"embeddable":true,"href":"https:\/\/lavereda.com.mx\/index.php\/wp-json\/wp\/v2\/users\/9"}],"replies":[{"embeddable":true,"href":"https:\/\/lavereda.com.mx\/index.php\/wp-json\/wp\/v2\/comments?post=1417"}],"version-history":[{"count":1,"href":"https:\/\/lavereda.com.mx\/index.php\/wp-json\/wp\/v2\/posts\/1417\/revisions"}],"predecessor-version":[{"id":1419,"href":"https:\/\/lavereda.com.mx\/index.php\/wp-json\/wp\/v2\/posts\/1417\/revisions\/1419"}],"wp:featuredmedia":[{"embeddable":true,"href":"https:\/\/lavereda.com.mx\/index.php\/wp-json\/wp\/v2\/media\/1418"}],"wp:attachment":[{"href":"https:\/\/lavereda.com.mx\/index.php\/wp-json\/wp\/v2\/media?parent=1417"}],"wp:term":[{"taxonomy":"category","embeddable":true,"href":"https:\/\/lavereda.com.mx\/index.php\/wp-json\/wp\/v2\/categories?post=1417"},{"taxonomy":"post_tag","embeddable":true,"href":"https:\/\/lavereda.com.mx\/index.php\/wp-json\/wp\/v2\/tags?post=1417"}],"curies":[{"name":"wp","href":"https:\/\/api.w.org\/{rel}","templated":true}]}}