{"id":1413,"date":"2021-03-18T16:19:36","date_gmt":"2021-03-18T16:19:36","guid":{"rendered":"http:\/\/lavereda.com.mx\/?p=1413"},"modified":"2021-04-12T16:43:51","modified_gmt":"2021-04-12T16:43:51","slug":"rendiran-homenaje-nacional-a-vicente-rojo","status":"publish","type":"post","link":"https:\/\/lavereda.com.mx\/index.php\/2021\/03\/18\/rendiran-homenaje-nacional-a-vicente-rojo\/","title":{"rendered":"Rendir\u00e1n homenaje nacional a Vicente Rojo"},"content":{"rendered":"\n<ul class=\"wp-block-list\"><li><em>La secretaria de Cultura, Alejandra Frausto Guerrero, lament\u00f3 el fallecimiento del extraordinario artista<\/em><\/li><\/ul>\n\n\n\n<p><br>Ciudad de M\u00e9xico.- La Secretar\u00eda de Cultura  y el Instituto Nacional de Bellas Artes y Literatura (INBAL) lamentan el deceso de Vicente Rojo, artista mexicano de origen catal\u00e1n, a quien en 2011 le fue otorgada la Medalla Bellas Artes por su vasta pr\u00e1ctica dentro de las artes visuales.<\/p>\n\n\n\n<p>La secretaria de Cultura del Gobierno de M\u00e9xico, Alejandra Frausto Guerrero, tras solidarizarse con familiares y amigos de Vicente Rojo, lament\u00f3 el fallecimiento del extraordinario artista, a quien consider\u00f3 \u201cgrande entre los grandes. Contribuy\u00f3 a la renovaci\u00f3n est\u00e9tica de M\u00e9xico en los 50 y 60, representante del abstracto mexicano en el mundo\u201d. Inform\u00f3 que en el Museo de Arte Moderno se llevar\u00e1 a cabo una gran exposici\u00f3n retrospectiva, la cual se estaba trabajando con el artista, y que ser\u00e1 parte del homenaje nacional que se le rendir\u00e1.<\/p>\n\n\n\n<blockquote class=\"wp-block-quote is-layout-flow wp-block-quote-is-layout-flow\"><p>Por su parte, la directora general del INBAL, Lucina Jim\u00e9nez, expres\u00f3: \u00abVicente Rojo, con quien mantuve una amistad entra\u00f1able, deja testimonio art\u00edstico de gran valor en la pintura, la gr\u00e1fica, el dise\u00f1o editorial que marcan toda una generaci\u00f3n del siglo XX y XXI mexicanos. Vicente Rojo fue tambi\u00e9n forjador de un mundo editorial que revolucion\u00f3 desde el dise\u00f1o y su mirada del mundo literario y art\u00edstico en toda la amplitud posible\u201d.<\/p><\/blockquote>\n\n\n\n<p>Vicente Rojo Almaz\u00e1n naci\u00f3 el 15 de marzo de 1932 en Barcelona, Espa\u00f1a, donde realiz\u00f3 sus primeros estudios de escultura y cer\u00e1mica. En 1949 lleg\u00f3 a M\u00e9xico a los 17 a\u00f1os, para reunirse con su padre, despu\u00e9s de una d\u00e9cada. Conoc\u00eda a M\u00e9xico a trav\u00e9s del cine y la m\u00fasica. Pese a su dif\u00edcil situaci\u00f3n econ\u00f3mica, percibi\u00f3 que hab\u00eda \u201carribado a un lugar que lo abrazar\u00eda\u201d y se enamor\u00f3 de la luminosidad mexicana.<\/p>\n\n\n\n<p>Tras llegar a nuestro pa\u00eds se inscribi\u00f3 en la Escuela de Artes Pl\u00e1sticas (actual Escuela Nacional de Pintura, Escultura y Grabado&nbsp;<em>La Esmeralda<\/em>&nbsp;del INBAL), la cual abandon\u00f3 para trabajar como asistente del pintor Miguel Prieto en la oficina de Ediciones del INBAL.<\/p>\n\n\n\n<p>El escritor Fernando Ben\u00edtez lo describi\u00f3 como p\u00e1lido y silencioso, lo integr\u00f3 al suplemento&nbsp;<em>M\u00e9xico en la Cultura<\/em>, otra influencia importante fue la del pintor Arturo Souto, quien le mostr\u00f3 el color y le recomend\u00f3 conocer la disciplina pict\u00f3rica.<\/p>\n\n\n\n<p>Sin dejar de lado la pintura, trabaj\u00f3 en la ic\u00f3nica Imprenta Madero y en la&nbsp;<em>Revista de la Universidad de M\u00e9xico<\/em>, entre otras publicaciones reconocidas por su calidad editorial y de vanguardia cr\u00edtica.<\/p>\n\n\n\n<p>Adem\u00e1s, contribuy\u00f3 al fortalecimiento de la industria editorial mexicana, en la cual hizo escuela y fue fundador de suplementos culturales y casas editoras. Como editor de Era, Vicente Rojo fue uno de los primeros lectores de&nbsp;<em>Aura, La noche, Narda o el verano, La obediencia nocturna, Hasta no verte Jes\u00fas m\u00edo, D\u00edas de guardar&nbsp;<\/em>o&nbsp;<em>El apando,<\/em>&nbsp;entre otros t\u00edtulos de reconocidos autores.<\/p>\n\n\n\n<p>Cuando la Universidad Iberoamericana le otorg\u00f3 el doctorado&nbsp;<em>honoris causa<\/em>, expres\u00f3: \u201cEl dise\u00f1o es un canto capaz de atraer a su destinatario, a su lector, si es un libro, una revista o un cat\u00e1logo, o a un espectador, si se trata de un cartel para una exposici\u00f3n o una pel\u00edcula; es decir, una tarea de ninguna manera menor que me ha permitido tener los pies en la tierra y, desde mi timidez de anta\u00f1o, comunicarme con los dem\u00e1s\u201d.<\/p>\n\n\n\n<p>Rojo fue uno de los artistas m\u00e1s importantes del abstraccionismo en M\u00e9xico, adscrito a la Generaci\u00f3n de la Ruptura, aunque \u00e9l consideraba que el movimiento era \u201cm\u00e1s bien de continuidad\u201d. Su pintura se divide, principalmente, en cinco temas principales:&nbsp;<em>Se\u00f1ales, Negaciones, Recuerdos, M\u00e9xico bajo la lluvia&nbsp;<\/em>y&nbsp;<em>Escenarios<\/em>.&nbsp;<\/p>\n\n\n\n<p>A partir de 1980 comenz\u00f3 a alternar la pintura con la escultura para enriquecer su trabajo, en cuyo centro alent\u00f3 la necesidad de reflejar, \u201ccomo en un juego de espejos, dos soledades: la del creador y la del posible espectador\u201d.<\/p>\n\n\n\n<p>Entre las \u00faltimas creaciones que realiz\u00f3 destacan proyectos de obra p\u00fablica y privada, entre ellos el vitral iluminado del edificio del Monte de Piedad, el cual le signific\u00f3 un desaf\u00edo, porque no hab\u00eda trabajado con anterioridad la t\u00e9cnica vitral\u00edstica. Tambi\u00e9n, el monumental jard\u00edn urbano ubicado en el Antiguo Hostal de Santo Tom\u00e1s de Villanueva, posteriormente Hotel de Cort\u00e9s, que fue remodelado para fundar el Museo Kaluz de Arte Mexicano, y el Memorial de Octavio Paz, que consiste en dos esculturas ubicadas en el Antiguo Colegio de San Ildefonso.<\/p>\n\n\n\n<p>Algunos de los reconocimientos que obtuvo son el Premio Nacional de Ciencias y Artes (M\u00e9xico,1991), el Premio M\u00e9xico de Dise\u00f1o (1991) y la Medalla al M\u00e9rito en las Bellas Artes (Espa\u00f1a, 1993). En 1992, la Asociaci\u00f3n Internacional Icograda lo distingui\u00f3 con el Premio de Excelencia en Dise\u00f1o Gr\u00e1fico. Al a\u00f1o siguiente fue designado Creador Em\u00e9rito por el Sistema Nacional de Creadores de Arte, y en 1994, miembro de El Colegio Nacional. En 1998, la UNAM le confiri\u00f3 el doctorado&nbsp;<em>honoris causa<\/em>.<\/p>\n\n\n\n<p><strong><em>Foto: Vicente Rojo y Manuel Felgu\u00e9rez.<\/em><\/strong><\/p>\n","protected":false},"excerpt":{"rendered":"<p>La secretaria de Cultura, Alejandra Frausto Guerrero, lament\u00f3 el fallecimiento del extraordinario artista Ciudad de M\u00e9xico.- La Secretar\u00eda de Cultura y el Instituto Nacional de Bellas Artes y Literatura (INBAL) &hellip; <a href=\"https:\/\/lavereda.com.mx\/index.php\/2021\/03\/18\/rendiran-homenaje-nacional-a-vicente-rojo\/\" class=\"more-link\">Leer m\u00e1s<\/a><\/p>\n","protected":false},"author":1,"featured_media":1414,"comment_status":"open","ping_status":"open","sticky":false,"template":"","format":"standard","meta":{"footnotes":""},"categories":[3],"tags":[],"class_list":["post-1413","post","type-post","status-publish","format-standard","has-post-thumbnail","hentry","category-artes-visuales","entry"],"_links":{"self":[{"href":"https:\/\/lavereda.com.mx\/index.php\/wp-json\/wp\/v2\/posts\/1413","targetHints":{"allow":["GET"]}}],"collection":[{"href":"https:\/\/lavereda.com.mx\/index.php\/wp-json\/wp\/v2\/posts"}],"about":[{"href":"https:\/\/lavereda.com.mx\/index.php\/wp-json\/wp\/v2\/types\/post"}],"author":[{"embeddable":true,"href":"https:\/\/lavereda.com.mx\/index.php\/wp-json\/wp\/v2\/users\/1"}],"replies":[{"embeddable":true,"href":"https:\/\/lavereda.com.mx\/index.php\/wp-json\/wp\/v2\/comments?post=1413"}],"version-history":[{"count":2,"href":"https:\/\/lavereda.com.mx\/index.php\/wp-json\/wp\/v2\/posts\/1413\/revisions"}],"predecessor-version":[{"id":1506,"href":"https:\/\/lavereda.com.mx\/index.php\/wp-json\/wp\/v2\/posts\/1413\/revisions\/1506"}],"wp:featuredmedia":[{"embeddable":true,"href":"https:\/\/lavereda.com.mx\/index.php\/wp-json\/wp\/v2\/media\/1414"}],"wp:attachment":[{"href":"https:\/\/lavereda.com.mx\/index.php\/wp-json\/wp\/v2\/media?parent=1413"}],"wp:term":[{"taxonomy":"category","embeddable":true,"href":"https:\/\/lavereda.com.mx\/index.php\/wp-json\/wp\/v2\/categories?post=1413"},{"taxonomy":"post_tag","embeddable":true,"href":"https:\/\/lavereda.com.mx\/index.php\/wp-json\/wp\/v2\/tags?post=1413"}],"curies":[{"name":"wp","href":"https:\/\/api.w.org\/{rel}","templated":true}]}}