{"id":1408,"date":"2021-03-18T03:16:55","date_gmt":"2021-03-18T03:16:55","guid":{"rendered":"http:\/\/lavereda.com.mx\/?p=1408"},"modified":"2021-03-18T03:22:11","modified_gmt":"2021-03-18T03:22:11","slug":"se-suma-coahuila-al-premio-primera-novela-2021","status":"publish","type":"post","link":"https:\/\/lavereda.com.mx\/index.php\/2021\/03\/18\/se-suma-coahuila-al-premio-primera-novela-2021\/","title":{"rendered":"Se suma Coahuila al Premio Primera Novela 2021"},"content":{"rendered":"\n<p>Ciudad de M\u00e9xico.- El d\u00eda de hoy se llev\u00f3 a cabo el lanzamiento del Premio \u201cPrimera Novela 2021\u201d, que realiza la Coordinaci\u00f3n de Memoria Hist\u00f3rica y Cultural de M\u00e9xico, de la Presidencia de la Rep\u00fablica, con el patrocinio de Amazon M\u00e9xico y en coordinaci\u00f3n con las secretar\u00edas de Cultura de Coahuila, Chihuahua, CDMX y Tabasco, con el apoyo de la C\u00e1mara Nacional de la Industria Editorial Mexicana (CANIEM).<\/p>\n\n\n\n<p>En su participaci\u00f3n, la Secretaria de Cultura de Coahuila, Ana Sof\u00eda Garc\u00eda Camil, agradeci\u00f3 la oportunidad de poder ser parte de gran convocatoria, que habr\u00e1 no solo de promocionar la lectura, sino que la llevar\u00e1 a alcances internacionales.<\/p>\n\n\n\n<blockquote class=\"wp-block-quote is-layout-flow wp-block-quote-is-layout-flow\"><p>\u201cA trav\u00e9s de Amazon, que es de alcance global, este premio es necesario por varias razones: Impulsar\u00e1 a los libros m\u00e1s all\u00e1 de las fronteras y pondr\u00e1 a la literatura mexicana reciente en las manos de lectoras y lectoras de otras latitudes\u201d, dijo.Garc\u00eda Camil agreg\u00f3 que nuestra entidad se sumar\u00e1 activamente a la difusi\u00f3n de esta convocatoria, al tiempo que inform\u00f3 que en el a\u00f1o 2023 Coahuila ser\u00e1 quien tenga la tercera edici\u00f3n de este gran proyecto.&nbsp;<\/p><\/blockquote>\n\n\n\n<p>El l\u00edder de Categor\u00eda de Libros, Amazon M\u00e9xico, Jos\u00e9 Zazueta Plasencia, detall\u00f3 que el pr\u00f3ximo a\u00f1o la sede de este concurso ser\u00e1 Tabasco; Coahuila la tendr\u00e1 en 2023, y Chiapas en el a\u00f1o del 2024. Durante el evento celebrado en la Capital del Pa\u00eds, Zazueta Plascencia indic\u00f3 que para participar las y los participantes deben llenar el formulario que estar\u00e1 disponible en el sitio web\u00a0<a rel=\"noreferrer noopener\" href=\"https:\/\/primeranovela.com\/\" target=\"_blank\">https:\/\/primeranovela.com<\/a>, donde el concursante deber\u00e1 subir la obra respectiva en formato PDF.<\/p>\n\n\n\n<p>Tambi\u00e9n dio a conocer que el autor de la novela ganadora recibir\u00e1 la cantidad de 250 mil pesos. Adem\u00e1s cada finalista recibir\u00e1 una suma de 35 mil pesos, ambos ser\u00e1n patrocinadas por Amazon M\u00e9xico.<\/p>\n\n\n\n<p>En ese contexto, el Coordinador de Memoria Hist\u00f3rica y Cultural de M\u00e9xico, Eduardo Villegas Meg\u00edas, enfatiz\u00f3 que este concurso forma parte de la estrategia nacional de lectura y que esta \u201cPrimera Novela\u201d, al contar con el patrocinio de Amaz\u00f3n M\u00e9xico, su alcance ser\u00e1 mucho mayor. <\/p>\n\n\n\n<p>\u201cNo basta tener libros, no basta que se lea en la televisi\u00f3n, que existan salas de lectura y bibliotecas; por eso es que se requiere que se contribuya a la difusi\u00f3n de la lectura. Por eso buscamos coaligar fuerzas, y si bien los estados ya tienen sus propios premios literarios, lo extraordinario de este premio est\u00e1 pensando en la distribuci\u00f3n, y no hay una empresa m\u00e1s grande en el mundo como lo hace Amazon\u201d, asegur\u00f3. Amazon M\u00e9xico y\/o La Coordinaci\u00f3n de Memoria Hist\u00f3rica y Cultural de M\u00e9xico de la Presidencia de la Rep\u00fablica anunciar\u00e1n p\u00fablicamente a los finalistas durante el mes de agosto del 2021 en la p\u00e1gina\u00a0<a rel=\"noreferrer noopener\" href=\"https:\/\/primeranovela.com\/\" target=\"_blank\">https:\/\/primeranovela.com<\/a>.<\/p>\n","protected":false},"excerpt":{"rendered":"<p>Ciudad de M\u00e9xico.- El d\u00eda de hoy se llev\u00f3 a cabo el lanzamiento del Premio \u201cPrimera Novela 2021\u201d, que realiza la Coordinaci\u00f3n de Memoria Hist\u00f3rica y Cultural de M\u00e9xico, de &hellip; <a href=\"https:\/\/lavereda.com.mx\/index.php\/2021\/03\/18\/se-suma-coahuila-al-premio-primera-novela-2021\/\" class=\"more-link\">Leer m\u00e1s<\/a><\/p>\n","protected":false},"author":1,"featured_media":1409,"comment_status":"open","ping_status":"open","sticky":false,"template":"","format":"standard","meta":{"footnotes":""},"categories":[5,18],"tags":[],"class_list":["post-1408","post","type-post","status-publish","format-standard","has-post-thumbnail","hentry","category-letras-y-libros","category-lomasrelevante","entry"],"_links":{"self":[{"href":"https:\/\/lavereda.com.mx\/index.php\/wp-json\/wp\/v2\/posts\/1408","targetHints":{"allow":["GET"]}}],"collection":[{"href":"https:\/\/lavereda.com.mx\/index.php\/wp-json\/wp\/v2\/posts"}],"about":[{"href":"https:\/\/lavereda.com.mx\/index.php\/wp-json\/wp\/v2\/types\/post"}],"author":[{"embeddable":true,"href":"https:\/\/lavereda.com.mx\/index.php\/wp-json\/wp\/v2\/users\/1"}],"replies":[{"embeddable":true,"href":"https:\/\/lavereda.com.mx\/index.php\/wp-json\/wp\/v2\/comments?post=1408"}],"version-history":[{"count":2,"href":"https:\/\/lavereda.com.mx\/index.php\/wp-json\/wp\/v2\/posts\/1408\/revisions"}],"predecessor-version":[{"id":1412,"href":"https:\/\/lavereda.com.mx\/index.php\/wp-json\/wp\/v2\/posts\/1408\/revisions\/1412"}],"wp:featuredmedia":[{"embeddable":true,"href":"https:\/\/lavereda.com.mx\/index.php\/wp-json\/wp\/v2\/media\/1409"}],"wp:attachment":[{"href":"https:\/\/lavereda.com.mx\/index.php\/wp-json\/wp\/v2\/media?parent=1408"}],"wp:term":[{"taxonomy":"category","embeddable":true,"href":"https:\/\/lavereda.com.mx\/index.php\/wp-json\/wp\/v2\/categories?post=1408"},{"taxonomy":"post_tag","embeddable":true,"href":"https:\/\/lavereda.com.mx\/index.php\/wp-json\/wp\/v2\/tags?post=1408"}],"curies":[{"name":"wp","href":"https:\/\/api.w.org\/{rel}","templated":true}]}}