{"id":1406,"date":"2021-03-17T19:38:10","date_gmt":"2021-03-17T19:38:10","guid":{"rendered":"http:\/\/lavereda.com.mx\/?p=1406"},"modified":"2021-03-22T17:18:40","modified_gmt":"2021-03-22T17:18:40","slug":"fonoteca-de-la-fil-disponible-para-todo-el-publico","status":"publish","type":"post","link":"https:\/\/lavereda.com.mx\/index.php\/2021\/03\/17\/fonoteca-de-la-fil-disponible-para-todo-el-publico\/","title":{"rendered":"Fonoteca de la FIL disponible para todo el p\u00fablico"},"content":{"rendered":"\n<p><strong>Guadalajara<\/strong>.- Dentro de los festejos por la edici\u00f3n 35 de la Feria Internacional del Libro de Guadalajara, y como un regalo para los lectores, el pasado mes de febrero la FIL puso a disposici\u00f3n del p\u00fablico una selecci\u00f3n de grabaciones de algunas charlas, conferencias y presentaciones relevantes de sus ediciones 2004 a 2019, denominada Fonoteca FIL, dentro de su plataforma Somos Grandes Momentos. <\/p>\n\n\n\n<p>A partir de hoy, parte de esta colecci\u00f3n estar\u00e1 disponible en podcast, organizada por categor\u00edas tem\u00e1ticas, de forma que el p\u00fablico disfrute de ellas seg\u00fan sus intereses personales y en donde sea, a trav\u00e9s de la aplicaci\u00f3n Himalaya.<\/p>\n\n\n\n<p>Dentro de la plataforma Himalaya, aplicaci\u00f3n que el p\u00fablico podr\u00e1 descargar de manera gratuita, se encontrar\u00e1n con alrededor de 140 horas de contenido ordenado por las siguientes categor\u00edas tem\u00e1ticas: \u201cHomenajes y m\u00e1s\u201d, \u201c\u201cELLAS y sus plumas\u201d, \u201cFIL joven\u201d, \u201cLa FIL tambi\u00e9n es Ciencia\u201d, \u201cM\u00e9xico resumido en libros\u201d, \u201cLatinoam\u00e9rica y sus p\u00e1ginas\u201d y \u201cBooklovers\u201d. Todo el material estar\u00e1 disponible de forma gratuita y con posibilidad de descarga, para disfrutar de las voces de Mario Vargas Llosa, Eufrosina Cruz, Nona Fern\u00e1ndez, Frank Miller, Graciela Iturbide, Fernando Savater, Marina Colasanti o Jos\u00e9 Emilio Pacheco, entre muchas otras.&nbsp;<\/p>\n\n\n\n<p>En 2020, como parte de una iniciativa de colaboraci\u00f3n con la FIL Guadalajara para impulsar la cultura y el conocimiento, y llevar a m\u00e1s personas los contenidos de la edici\u00f3n 34 de Feria, la plataforma Himalaya \u2014a<em>pp<\/em>&nbsp;de&nbsp;<em>streaming<\/em>&nbsp;de audio con 500 millones de usuarios alrededor del mundo\u2014 ofreci\u00f3 un espacio dedicado exclusivamente con un podcast oficial, de manera que los usuarios consiguieron acercarse a las actividades de la FIL a cualquier hora, en cualquier lugar y completamente gratuito.<\/p>\n\n\n\n<p><a rel=\"noreferrer noopener\" href=\"https:\/\/www.fil.com.mx\/momentos\/default.asp\" target=\"_blank\">Somos Grandes Momentos<\/a>&nbsp;fue creada en 2020 como un regalo para los lectores por la concesi\u00f3n del Premio Princesa de Asturias a la FIL Guadalajara. Incluye 200 registros en video de charlas y conferencias magistrales, adem\u00e1s de 70 entrevistas con autores, pensadores y divulgadores de ciencia de m\u00e1s de 27 pa\u00edses. A estos contenidos se suma la Fonoteca FIL, con actividades celebradas en la FIL entre 2004 y 2019. Todos los contenidos son de libre acceso para investigadores, estudiantes y p\u00fablico general.<\/p>\n","protected":false},"excerpt":{"rendered":"<p>Guadalajara.- Dentro de los festejos por la edici\u00f3n 35 de la Feria Internacional del Libro de Guadalajara, y como un regalo para los lectores, el pasado mes de febrero la &hellip; <a href=\"https:\/\/lavereda.com.mx\/index.php\/2021\/03\/17\/fonoteca-de-la-fil-disponible-para-todo-el-publico\/\" class=\"more-link\">Leer m\u00e1s<\/a><\/p>\n","protected":false},"author":1,"featured_media":220,"comment_status":"open","ping_status":"open","sticky":false,"template":"","format":"standard","meta":{"footnotes":""},"categories":[5],"tags":[],"class_list":["post-1406","post","type-post","status-publish","format-standard","has-post-thumbnail","hentry","category-letras-y-libros","entry"],"_links":{"self":[{"href":"https:\/\/lavereda.com.mx\/index.php\/wp-json\/wp\/v2\/posts\/1406","targetHints":{"allow":["GET"]}}],"collection":[{"href":"https:\/\/lavereda.com.mx\/index.php\/wp-json\/wp\/v2\/posts"}],"about":[{"href":"https:\/\/lavereda.com.mx\/index.php\/wp-json\/wp\/v2\/types\/post"}],"author":[{"embeddable":true,"href":"https:\/\/lavereda.com.mx\/index.php\/wp-json\/wp\/v2\/users\/1"}],"replies":[{"embeddable":true,"href":"https:\/\/lavereda.com.mx\/index.php\/wp-json\/wp\/v2\/comments?post=1406"}],"version-history":[{"count":2,"href":"https:\/\/lavereda.com.mx\/index.php\/wp-json\/wp\/v2\/posts\/1406\/revisions"}],"predecessor-version":[{"id":1435,"href":"https:\/\/lavereda.com.mx\/index.php\/wp-json\/wp\/v2\/posts\/1406\/revisions\/1435"}],"wp:featuredmedia":[{"embeddable":true,"href":"https:\/\/lavereda.com.mx\/index.php\/wp-json\/wp\/v2\/media\/220"}],"wp:attachment":[{"href":"https:\/\/lavereda.com.mx\/index.php\/wp-json\/wp\/v2\/media?parent=1406"}],"wp:term":[{"taxonomy":"category","embeddable":true,"href":"https:\/\/lavereda.com.mx\/index.php\/wp-json\/wp\/v2\/categories?post=1406"},{"taxonomy":"post_tag","embeddable":true,"href":"https:\/\/lavereda.com.mx\/index.php\/wp-json\/wp\/v2\/tags?post=1406"}],"curies":[{"name":"wp","href":"https:\/\/api.w.org\/{rel}","templated":true}]}}