{"id":1398,"date":"2021-03-16T19:04:28","date_gmt":"2021-03-16T19:04:28","guid":{"rendered":"http:\/\/lavereda.com.mx\/?p=1398"},"modified":"2021-03-16T19:04:30","modified_gmt":"2021-03-16T19:04:30","slug":"presentan-la-velada-literaria-palabra-es-femenino","status":"publish","type":"post","link":"https:\/\/lavereda.com.mx\/index.php\/2021\/03\/16\/presentan-la-velada-literaria-palabra-es-femenino\/","title":{"rendered":"Presentan la velada literaria: Palabra es femenino"},"content":{"rendered":"\n<p>Para celebrar la literatura escrita&nbsp;&nbsp;y le\u00edda&nbsp;&nbsp;por mujeres, en&nbsp;&nbsp;el marco&nbsp;&nbsp;de&nbsp;&nbsp;la conmemoraci\u00f3n&nbsp;&nbsp;del D\u00eda Internacional de la Mujer, compartir\u00e1n vivencias y textos: Mar\u00e1 Guadalupe Castro, Rosa Mar\u00eda Hern\u00e1ndez, Rebeca Garza y Sanjuana Adame, en una velada literaria en el Teatro Alfonso Garibay.<\/p>\n\n\n\n<p>La presentaci\u00f3n es este jueves&nbsp;&nbsp;jueves 18 de marzo, a las 18:00 horas y ser\u00e1 transmitida a trav\u00e9s del Facebook Live del Teatro Garibay.<\/p>\n\n\n\n<p>Para este encuentro de vivencias y textos, participar\u00e1 como moderadora Mariana&nbsp;&nbsp;&nbsp;Ram\u00edrez,&nbsp;&nbsp;&nbsp;editora&nbsp;&nbsp;&nbsp;de&nbsp;&nbsp;&nbsp;Laboratorio&nbsp;&nbsp;&nbsp;Cultural.<\/p>\n\n\n\n<p>Las cuatro integrantes de la mesa comentar\u00e1n su experiencia de contacto con la literatura y a la par le dar\u00e1n voz, leyendo algunos escritos, entre los que tambi\u00e9n habr\u00e1 unos de su propia autor\u00eda.&nbsp;<\/p>\n\n\n\n<p>\u201cLa invitaci\u00f3n a esta convivencia con la palabra est\u00e1 abierta a todos los que han sentido su fuerza y magia, plasmada en cualquier g\u00e9nero literario, en variados momentos de sus vidas\u201d, compartieron las organizadoras.<\/p>\n\n\n\n<p>Agregaron que \u201ca&nbsp;&nbsp;lo&nbsp;&nbsp;&nbsp;largo&nbsp;&nbsp;&nbsp;de&nbsp;&nbsp;&nbsp;la&nbsp;&nbsp;&nbsp;historia&nbsp;&nbsp;la&nbsp;&nbsp;&nbsp;literatura&nbsp;&nbsp;&nbsp;escrita&nbsp;&nbsp;&nbsp;por&nbsp;&nbsp;&nbsp;mujeres&nbsp;&nbsp;&nbsp;ha&nbsp;&nbsp;&nbsp;tenido&nbsp;&nbsp;&nbsp;una&nbsp;&nbsp;&nbsp;relevancia imprescindible&nbsp;&nbsp;&nbsp;para&nbsp;&nbsp;&nbsp;la&nbsp;&nbsp;&nbsp;humanidad,&nbsp;&nbsp;&nbsp;pues&nbsp;&nbsp;&nbsp;m\u00e1s&nbsp;&nbsp;&nbsp;all\u00e1&nbsp;&nbsp;&nbsp;de&nbsp;&nbsp;&nbsp;las&nbsp;&nbsp;&nbsp;cuestiones&nbsp;&nbsp;&nbsp;de&nbsp;&nbsp;&nbsp;g\u00e9nero,&nbsp;&nbsp;&nbsp;ciertamente&nbsp;&nbsp;&nbsp;la cosmovisi\u00f3n femenina cuenta con caracter\u00edsticas propias , que se inscriben en un modo universal de expresi\u00f3n, mediante el que se cuentan historias y se plasman pensamientos, sentimientos e instantes.<\/p>\n\n\n\n<p>Tambi\u00e9n&nbsp;&nbsp;&nbsp;es&nbsp;&nbsp;&nbsp;cierto&nbsp;&nbsp;&nbsp;que&nbsp;&nbsp;&nbsp;el&nbsp;&nbsp;&nbsp;reconocimiento&nbsp;&nbsp;&nbsp;a&nbsp;&nbsp;&nbsp;las&nbsp;&nbsp;&nbsp;autoras,&nbsp;&nbsp;&nbsp;por&nbsp;&nbsp;&nbsp;ejemplo,&nbsp;&nbsp;&nbsp;con&nbsp;&nbsp;&nbsp;premios&nbsp;&nbsp;&nbsp;de&nbsp;&nbsp;&nbsp;car\u00e1cter internacional, ha contribuido a que su obra trascienda en n\u00famero de lectores\u201d.&nbsp;<\/p>\n\n\n\n<p>Es as\u00ed como 16 escritoras han sido galardonadas con el Nobel de Literatura, desde que en 1901 comenz\u00f3 a entregarse esta presea.La&nbsp;&nbsp;primera en&nbsp;&nbsp;recibirlo&nbsp;&nbsp;fue la sueca Selma&nbsp;&nbsp;Lagerl\u00f6f (1909)&nbsp;&nbsp;y la&nbsp;&nbsp;\u00faltima, la estadounidense&nbsp;&nbsp;Louise Gl\u00fcck, en la edici\u00f3n del a\u00f1o pasado, sin olvidar, por supuesto, que la \u00fanica latinoamericana a quien se le ha otorgado la chilena Gabriela Mistral (1945).<\/p>\n","protected":false},"excerpt":{"rendered":"<p>Para celebrar la literatura escrita&nbsp;&nbsp;y le\u00edda&nbsp;&nbsp;por mujeres, en&nbsp;&nbsp;el marco&nbsp;&nbsp;de&nbsp;&nbsp;la conmemoraci\u00f3n&nbsp;&nbsp;del D\u00eda Internacional de la Mujer, compartir\u00e1n vivencias y textos: Mar\u00e1 Guadalupe Castro, Rosa Mar\u00eda Hern\u00e1ndez, Rebeca Garza y Sanjuana Adame, &hellip; <a href=\"https:\/\/lavereda.com.mx\/index.php\/2021\/03\/16\/presentan-la-velada-literaria-palabra-es-femenino\/\" class=\"more-link\">Leer m\u00e1s<\/a><\/p>\n","protected":false},"author":1,"featured_media":1399,"comment_status":"open","ping_status":"open","sticky":false,"template":"","format":"standard","meta":{"footnotes":""},"categories":[11,5],"tags":[],"class_list":["post-1398","post","type-post","status-publish","format-standard","has-post-thumbnail","hentry","category-agenda","category-letras-y-libros","entry"],"_links":{"self":[{"href":"https:\/\/lavereda.com.mx\/index.php\/wp-json\/wp\/v2\/posts\/1398","targetHints":{"allow":["GET"]}}],"collection":[{"href":"https:\/\/lavereda.com.mx\/index.php\/wp-json\/wp\/v2\/posts"}],"about":[{"href":"https:\/\/lavereda.com.mx\/index.php\/wp-json\/wp\/v2\/types\/post"}],"author":[{"embeddable":true,"href":"https:\/\/lavereda.com.mx\/index.php\/wp-json\/wp\/v2\/users\/1"}],"replies":[{"embeddable":true,"href":"https:\/\/lavereda.com.mx\/index.php\/wp-json\/wp\/v2\/comments?post=1398"}],"version-history":[{"count":1,"href":"https:\/\/lavereda.com.mx\/index.php\/wp-json\/wp\/v2\/posts\/1398\/revisions"}],"predecessor-version":[{"id":1400,"href":"https:\/\/lavereda.com.mx\/index.php\/wp-json\/wp\/v2\/posts\/1398\/revisions\/1400"}],"wp:featuredmedia":[{"embeddable":true,"href":"https:\/\/lavereda.com.mx\/index.php\/wp-json\/wp\/v2\/media\/1399"}],"wp:attachment":[{"href":"https:\/\/lavereda.com.mx\/index.php\/wp-json\/wp\/v2\/media?parent=1398"}],"wp:term":[{"taxonomy":"category","embeddable":true,"href":"https:\/\/lavereda.com.mx\/index.php\/wp-json\/wp\/v2\/categories?post=1398"},{"taxonomy":"post_tag","embeddable":true,"href":"https:\/\/lavereda.com.mx\/index.php\/wp-json\/wp\/v2\/tags?post=1398"}],"curies":[{"name":"wp","href":"https:\/\/api.w.org\/{rel}","templated":true}]}}