{"id":1388,"date":"2021-03-11T15:45:49","date_gmt":"2021-03-11T15:45:49","guid":{"rendered":"http:\/\/lavereda.com.mx\/?p=1388"},"modified":"2021-03-18T16:20:40","modified_gmt":"2021-03-18T16:20:40","slug":"el-artista-roman-eguia-inaugura-exposicion-en-cdmx","status":"publish","type":"post","link":"https:\/\/lavereda.com.mx\/index.php\/2021\/03\/11\/el-artista-roman-eguia-inaugura-exposicion-en-cdmx\/","title":{"rendered":"El artista Rom\u00e1n Egu\u00eda inaugura exposici\u00f3n en CDMX"},"content":{"rendered":"\n<p>El Museo de la Canciller\u00eda de la Ciudad de M\u00e9xico albergar\u00e1 la exposici\u00f3n \u201cDilema del Espacio\u201d, colecci\u00f3n m\u00e1s reciente del reconocido artista visual lagunero Rom\u00e1n Egu\u00eda, la cual ser\u00e1 inaugurada este jueves 11 de marzo a las 17:00 horas, a trav\u00e9s de las redes sociales del museo capitalino. La obra de estar\u00e1 en exhibici\u00f3n hasta el pr\u00f3ximo 8 de mayo.<\/p>\n\n\n\n<p>La Coordinaci\u00f3n de Artes Visuales de la Direcci\u00f3n General de Cultura inform\u00f3 que realiz\u00f3 el trabajo de trasporte, log\u00edstica, curadur\u00eda y de las instrucciones del montaje de la colecci\u00f3n.<\/p>\n\n\n\n<p>Egu\u00eda presenta \u201cEl Dilema del Espacio\u201d, una exposici\u00f3n de 24 piezas, entre pintura, dibujo y escultura en diversos formatos&nbsp;&nbsp;que invitan a reflexionar y a mirar el arte como un razonamiento derivado de un sin fin de situaciones, posibilidades, metodolog\u00edas y procesos de creaci\u00f3n. Toma el concepto de regresi\u00f3n espacial como la acci\u00f3n de volver a mirar un objeto o una idea y transformarlos en cuestionamientos y experimentaci\u00f3n de dilemas a resolver.<\/p>\n\n\n\n<p>El artista explic\u00f3 que utiliza la neuroplasticidad, el fen\u00f3meno que se refiere a la capacidad del sistema nervioso para modificar su estructura y funcionamiento como reacci\u00f3n a la&nbsp;diversidad del entorno, como base en su metodolog\u00eda de trabajo, en donde lo m\u00e1s importante es el c\u00f3mo resolver y en el cual los debates t\u00e9cnicos que experimenta d\u00eda a d\u00eda se convierten en una constante de su desarrollo art\u00edstico para descubrir nuevas formas de creaci\u00f3n.&nbsp;<\/p>\n\n\n\n<p>Rom\u00e1n Egu\u00eda invita al espectador a la reflexi\u00f3n y an\u00e1lisis de los procedimientos, metodolog\u00edas y cuestionamientos que se conforman en el desarrollo de una obra de arte.<\/p>\n","protected":false},"excerpt":{"rendered":"<p>El Museo de la Canciller\u00eda de la Ciudad de M\u00e9xico albergar\u00e1 la exposici\u00f3n \u201cDilema del Espacio\u201d, colecci\u00f3n m\u00e1s reciente del reconocido artista visual lagunero Rom\u00e1n Egu\u00eda, la cual ser\u00e1 inaugurada &hellip; <a href=\"https:\/\/lavereda.com.mx\/index.php\/2021\/03\/11\/el-artista-roman-eguia-inaugura-exposicion-en-cdmx\/\" class=\"more-link\">Leer m\u00e1s<\/a><\/p>\n","protected":false},"author":1,"featured_media":1389,"comment_status":"open","ping_status":"open","sticky":false,"template":"","format":"standard","meta":{"footnotes":""},"categories":[3],"tags":[],"class_list":["post-1388","post","type-post","status-publish","format-standard","has-post-thumbnail","hentry","category-artes-visuales","entry"],"_links":{"self":[{"href":"https:\/\/lavereda.com.mx\/index.php\/wp-json\/wp\/v2\/posts\/1388","targetHints":{"allow":["GET"]}}],"collection":[{"href":"https:\/\/lavereda.com.mx\/index.php\/wp-json\/wp\/v2\/posts"}],"about":[{"href":"https:\/\/lavereda.com.mx\/index.php\/wp-json\/wp\/v2\/types\/post"}],"author":[{"embeddable":true,"href":"https:\/\/lavereda.com.mx\/index.php\/wp-json\/wp\/v2\/users\/1"}],"replies":[{"embeddable":true,"href":"https:\/\/lavereda.com.mx\/index.php\/wp-json\/wp\/v2\/comments?post=1388"}],"version-history":[{"count":2,"href":"https:\/\/lavereda.com.mx\/index.php\/wp-json\/wp\/v2\/posts\/1388\/revisions"}],"predecessor-version":[{"id":1416,"href":"https:\/\/lavereda.com.mx\/index.php\/wp-json\/wp\/v2\/posts\/1388\/revisions\/1416"}],"wp:featuredmedia":[{"embeddable":true,"href":"https:\/\/lavereda.com.mx\/index.php\/wp-json\/wp\/v2\/media\/1389"}],"wp:attachment":[{"href":"https:\/\/lavereda.com.mx\/index.php\/wp-json\/wp\/v2\/media?parent=1388"}],"wp:term":[{"taxonomy":"category","embeddable":true,"href":"https:\/\/lavereda.com.mx\/index.php\/wp-json\/wp\/v2\/categories?post=1388"},{"taxonomy":"post_tag","embeddable":true,"href":"https:\/\/lavereda.com.mx\/index.php\/wp-json\/wp\/v2\/tags?post=1388"}],"curies":[{"name":"wp","href":"https:\/\/api.w.org\/{rel}","templated":true}]}}