{"id":1374,"date":"2021-03-08T01:51:46","date_gmt":"2021-03-08T01:51:46","guid":{"rendered":"http:\/\/lavereda.com.mx\/?p=1374"},"modified":"2021-03-11T15:54:52","modified_gmt":"2021-03-11T15:54:52","slug":"las-mujeres-no-tenemos-la-misma-proyeccion-que-los-hombres-en-el-arte-patricia-hernandez","status":"publish","type":"post","link":"https:\/\/lavereda.com.mx\/index.php\/2021\/03\/08\/las-mujeres-no-tenemos-la-misma-proyeccion-que-los-hombres-en-el-arte-patricia-hernandez\/","title":{"rendered":"Las mujeres no tenemos la misma proyecci\u00f3n que los hombres en el arte: Patricia Hern\u00e1ndez"},"content":{"rendered":"\n<p>En el arte como en otras profesiones las mujeres no han alcanzado la igualdad, considera la artista visual Patricia Hern\u00e1ndez. Ella cree que, aunque hay muchas mujeres destacadas en este \u00e1mbito, hist\u00f3ricamente no han gozado de las mismas oportunidades ni de los mismos referentes que los hombres.<\/p>\n\n\n\n<p>La dise\u00f1adora, grabadora e ilustradora, quien se ha dedicado tambi\u00e9n a la docencia y ha sido directora de cultura en G\u00f3mez Palacio, abri\u00f3 un espacio para conversar con&nbsp;<em>La Vereda<\/em>&nbsp;sobre su trabajo y cotidianidad en tiempos de pandemia, en el contexto del D\u00eda de la Mujer.<\/p>\n\n\n\n<p><strong>\u00bfC\u00f3mo has hecho para sobrevivir en tiempos de pandemia?<\/strong><\/p>\n\n\n\n<p>\u00abHe estado dando clases en l\u00ednea para algunas universidades, nos hemos adaptado a crear contenidos para clases dise\u00f1o y artes visuales.&nbsp;<\/p>\n\n\n\n<p>Curiosamente me han salido proyectos en otros lados gracias a la pandemia, a lo mejor de otra manera no se hubieran detonado: una red de talleres de grabado armaron una plataforma de difusi\u00f3n de la gr\u00e1fica en redes sociales\u00bb.<\/p>\n\n\n\n<p><strong>\u00bfQu\u00e9 ha significado como artista la pandemia, c\u00f3mo te cambi\u00f3 el panorama?<\/strong><\/p>\n\n\n\n<p>\u00abA m\u00ed me cambi\u00f3 primero la din\u00e1mica. Yo estaba acostumbrada a trabajar desde mi casa, porque aqu\u00ed tengo mi estudio, salvo cuando iba a dar clases. El trabajo de grabado e ilustraci\u00f3n yo lo hac\u00eda ya desde aqu\u00ed, pero ahora tengo a mi ni\u00f1a en casa, hay que hacer todo lo de la escuela. Est\u00e1 mi marido tambi\u00e9n dando clases desde casa, me cambi\u00f3 la din\u00e1mica interna. Ha sido complicado porque te tienes que involucrar con muchas cosas, se ha acortado mi tiempo.&nbsp;<\/p>\n\n\n\n<p>Empec\u00e9 a hacer cosas que no hab\u00eda hecho, hace tiempo que ten\u00eda ganas de hacer bordados y me met\u00ed a hacerlo gracias a la cuarentena. En tiempos muertos, tambi\u00e9n he hecho un par de grabados a partir de la idea de estar en la casa y esas sensaciones que te da el encierro\u00bb.<\/p>\n\n\n\n<p><strong>\u00bfCu\u00e1les son tus proyectos actuales?<\/strong><\/p>\n\n\n\n<p>\u00abAhorita estoy trabajando en impresi\u00f3n para otros artistas de la regi\u00f3n de una serie de grabados, para una sala que va a crear el Museo de los Metales de Pe\u00f1oles.<\/p>\n\n\n\n<p>Particip\u00e9 una exposici\u00f3n visual de una joven de Saltillo, con unas animaciones virtuales a una sala de un museo. Y participo en la plataforma de difusi\u00f3n de gr\u00e1fica por internet de todo el pa\u00eds\u00bb.<\/p>\n\n\n\n<p><strong>Plat\u00edcanos del proyecto Guayabita, Arte y Cocina<\/strong><\/p>\n\n\n\n<p>\u00abEs un proyecto que est\u00e1 un poco detenido, la idea es que sea un espacio de exhibici\u00f3n de arte, donde se den talleres y haya comida. Un espacio de convivencia.<\/p>\n\n\n\n<p>Antes de que empezara la cuarentena tuvimos una exposici\u00f3n de mujeres artistas. La idea es hacer m\u00e1s proyectos para mujeres\u00bb.<\/p>\n\n\n\n<p><strong>\u00bfC\u00f3mo crees que nos ha afectado a las mujeres la pandemia?<\/strong><\/p>\n\n\n\n<p>\u00abMucho, porque muchos espacios de trabajo y de convivencia se han visto trastocados. Creo que esto nos cay\u00f3 en un momento muy importante, justo despu\u00e9s de las manifestaciones por el D\u00eda de la Mujer en 2020, fue un momento muy importante en nuestra historia, que se vio apagado, porque tuvimos que meternos a la casa.&nbsp;<\/p>\n\n\n\n<p>Se perdi\u00f3 la din\u00e1mica de manifestaciones, de salir a las calles a exigir derechos, yo s\u00e9 que hay mucha gente que lo sigue haciendo, desde las redes pero no es lo mismo. La din\u00e1mica que nos ha tenido adentro de casa se nos vuelve a cargar a las mujeres, todo el trabajo de los ni\u00f1os en escuela virtual, los maridos, la casa misma, la carga s\u00ed es m\u00e1s para el lado de las mujeres. Escuch\u00e9 que muchas las cosas que se hab\u00edan avanzado en los \u00faltimos 50 a\u00f1os en la libertad de las mujeres, se perdieron con la pandemia\u00bb.&nbsp;<\/p>\n\n\n\n<p><strong>\u00bfCrees que las mujeres en el arte han avanzado, que tienen las mismas puertas abiertas que los hombres?<\/strong><\/p>\n\n\n\n<blockquote class=\"wp-block-quote is-layout-flow wp-block-quote-is-layout-flow\"><p>\u00abFalta mucho camino por recorrer, s\u00ed hay mucha m\u00e1s apertura que antes. Pero como en muchos otros \u00e1mbitos, no tenemos ni los mismos ingresos ni la misma proyecci\u00f3n, porque sigue vi\u00e9ndose a las mujeres artistas como \u00b4la se\u00f1ora que pinta\u00b4. No eres artista, no eres pintora, es como un hobbie. Despu\u00e9s de que acabas con lo de la casa y los ni\u00f1os te puedes poner a pintar para entretenerte, es complicado, no se toma con la misma seriedad.<\/p><p>Se habla m\u00e1s de fulanito el pintor, el artista. Lo escucho de mis amigos, creo que es una cuesti\u00f3n de percepci\u00f3n, hay mujeres artistas muy buenas, pero hist\u00f3ricamente no hemos tenido los mismos referentes de los artistas, durante toda la historia del arte, es un peso que cuesta quitar. Hay que emparejar el terreno, que no importe el g\u00e9nero, para ser artista o ser cualquier cosa\u00bb.<\/p><\/blockquote>\n\n\n\n<figure class=\"wp-block-gallery columns-1 is-cropped wp-block-gallery-1 is-layout-flex wp-block-gallery-is-layout-flex\"><ul class=\"blocks-gallery-grid\"><li class=\"blocks-gallery-item\"><figure><img fetchpriority=\"high\" decoding=\"async\" width=\"960\" height=\"1024\" src=\"https:\/\/lavereda.com.mx\/wp-content\/uploads\/2021\/03\/156894593_283414086505992_1077802053648183346_n-960x1024.jpg\" alt=\"\" data-id=\"1376\" data-full-url=\"https:\/\/lavereda.com.mx\/wp-content\/uploads\/2021\/03\/156894593_283414086505992_1077802053648183346_n.jpg\" data-link=\"https:\/\/lavereda.com.mx\/?attachment_id=1376\" class=\"wp-image-1376\" srcset=\"https:\/\/lavereda.com.mx\/wp-content\/uploads\/2021\/03\/156894593_283414086505992_1077802053648183346_n-960x1024.jpg 960w, https:\/\/lavereda.com.mx\/wp-content\/uploads\/2021\/03\/156894593_283414086505992_1077802053648183346_n-281x300.jpg 281w, https:\/\/lavereda.com.mx\/wp-content\/uploads\/2021\/03\/156894593_283414086505992_1077802053648183346_n-768x819.jpg 768w, https:\/\/lavereda.com.mx\/wp-content\/uploads\/2021\/03\/156894593_283414086505992_1077802053648183346_n.jpg 1000w\" sizes=\"(max-width: 960px) 100vw, 960px\" \/><\/figure><\/li><\/ul><\/figure>\n\n\n\n<p><strong>Foto: grabado por Patricia Hern\u00e1ndez.<\/strong><\/p>\n\n\n\n<p><em>Puedes encontrar el trabajo de la artista en su p\u00e1gina de Facebook: Patricia Hern\u00e1ndez Ilustradora. Instagram: pacsucha.<\/em><\/p>\n","protected":false},"excerpt":{"rendered":"<p>En el arte como en otras profesiones las mujeres no han alcanzado la igualdad, considera la artista visual Patricia Hern\u00e1ndez. Ella cree que, aunque hay muchas mujeres destacadas en este &hellip; <a href=\"https:\/\/lavereda.com.mx\/index.php\/2021\/03\/08\/las-mujeres-no-tenemos-la-misma-proyeccion-que-los-hombres-en-el-arte-patricia-hernandez\/\" class=\"more-link\">Leer m\u00e1s<\/a><\/p>\n","protected":false},"author":9,"featured_media":1375,"comment_status":"open","ping_status":"open","sticky":false,"template":"","format":"standard","meta":{"footnotes":""},"categories":[3,12,18],"tags":[],"class_list":["post-1374","post","type-post","status-publish","format-standard","has-post-thumbnail","hentry","category-artes-visuales","category-equidad","category-lomasrelevante","entry"],"_links":{"self":[{"href":"https:\/\/lavereda.com.mx\/index.php\/wp-json\/wp\/v2\/posts\/1374","targetHints":{"allow":["GET"]}}],"collection":[{"href":"https:\/\/lavereda.com.mx\/index.php\/wp-json\/wp\/v2\/posts"}],"about":[{"href":"https:\/\/lavereda.com.mx\/index.php\/wp-json\/wp\/v2\/types\/post"}],"author":[{"embeddable":true,"href":"https:\/\/lavereda.com.mx\/index.php\/wp-json\/wp\/v2\/users\/9"}],"replies":[{"embeddable":true,"href":"https:\/\/lavereda.com.mx\/index.php\/wp-json\/wp\/v2\/comments?post=1374"}],"version-history":[{"count":2,"href":"https:\/\/lavereda.com.mx\/index.php\/wp-json\/wp\/v2\/posts\/1374\/revisions"}],"predecessor-version":[{"id":1384,"href":"https:\/\/lavereda.com.mx\/index.php\/wp-json\/wp\/v2\/posts\/1374\/revisions\/1384"}],"wp:featuredmedia":[{"embeddable":true,"href":"https:\/\/lavereda.com.mx\/index.php\/wp-json\/wp\/v2\/media\/1375"}],"wp:attachment":[{"href":"https:\/\/lavereda.com.mx\/index.php\/wp-json\/wp\/v2\/media?parent=1374"}],"wp:term":[{"taxonomy":"category","embeddable":true,"href":"https:\/\/lavereda.com.mx\/index.php\/wp-json\/wp\/v2\/categories?post=1374"},{"taxonomy":"post_tag","embeddable":true,"href":"https:\/\/lavereda.com.mx\/index.php\/wp-json\/wp\/v2\/tags?post=1374"}],"curies":[{"name":"wp","href":"https:\/\/api.w.org\/{rel}","templated":true}]}}