{"id":1366,"date":"2021-03-05T16:17:01","date_gmt":"2021-03-05T16:17:01","guid":{"rendered":"http:\/\/lavereda.com.mx\/?p=1366"},"modified":"2021-03-11T15:55:27","modified_gmt":"2021-03-11T15:55:27","slug":"fotografa-lagunera-participa-en-exposicion-nacional-de-mujeres","status":"publish","type":"post","link":"https:\/\/lavereda.com.mx\/index.php\/2021\/03\/05\/fotografa-lagunera-participa-en-exposicion-nacional-de-mujeres\/","title":{"rendered":"Fot\u00f3grafa lagunera participa en exposici\u00f3n nacional de mujeres"},"content":{"rendered":"\n<p>En el marco del D\u00eda Internacional de la Mujer, la red de fot\u00f3grafas de M\u00e9xico creada en 2019, organiza la exposici\u00f3n \u00abSomos una y somos muchas\u201d, que ser\u00e1 inaugurada este 10 de marzo en las rejas de Chapultepec en la Ciudad de M\u00e9xico.<\/p>\n\n\n\n<p>La muestra cuenta con la participaci\u00f3n de 58 fot\u00f3grafas de todo el pa\u00eds, entre ellas se destaca la lagunera Susana Nava de la Torre, quien presenta la imagen de una mujer, en el \u00e1mbito de la cotidianidad, como una instant\u00e1nea del d\u00eda a d\u00eda, y forma parte de una serie titulada \u201cFactor surfactante\u201d.<\/p>\n\n\n\n<p>La exhibici\u00f3n Somos una y somos muchas presenta im\u00e1genes que permiten una amplia mirada de las fot\u00f3grafas que producen en M\u00e9xico, busca ser una celebraci\u00f3n de la diversidad, tanto individual como profesional, dentro de las m\u00faltiples facetas de la fotograf\u00eda en colectividad.&nbsp;<\/p>\n\n\n\n<p>Es organizada en el marco de las actividades inaugurales del Foro Generaci\u00f3n Igualdad, que tiene como objetivo promover acciones transformadoras por la igualdad de g\u00e9nero y fortalecer los movimientos feministas a nivel mundial.&nbsp;<\/p>\n\n\n\n<p>La selecci\u00f3n de im\u00e1genes para la Galer\u00eda Abierta de las Rejas de Chapultepec, da cuenta de la pluralidad de discursos narrativos y medios expresivos que conforman las distintas miradas de la red, que van desde la denuncia y el arte social en tem\u00e1ticas que ata\u00f1en a las mujeres en situaciones de riesgo, violencia, marginaci\u00f3n y migraci\u00f3n; la autorepresentaci\u00f3n y el uso del cuerpo como exploraci\u00f3n de asuntos de identidad, hasta el conocimiento del entorno desde el fotoperiodismo o la imagen como investigaci\u00f3n.<br><\/p>\n\n\n\n<p>La exposici\u00f3n podr\u00e1 ser visitada por el p\u00fablico respetando los protocoles de seguridad.<\/p>\n\n\n\n<p><strong>Susana Nava<\/strong><\/p>\n\n\n\n<p>Fot\u00f3grafa radicada en Torre\u00f3n, Coahuila,&nbsp;Susana estudi\u00f3 Medicina en la facultad de la Universidad Aut\u00f3noma de Coahuila. Curs\u00f3 los diplomados de Cuidado de la edici\u00f3n y Edici\u00f3n de revistas en Versal. Es egresada del diplomado de fotograf\u00eda digital en la Academia de Artes Visuales (AAVI) en el a\u00f1o 2017, con especialidad en Nuevo Documental por parte de AAVI online.&nbsp;<\/p>\n\n\n\n<blockquote class=\"wp-block-quote is-layout-flow wp-block-quote-is-layout-flow\"><p>Ella comparti\u00f3 que \u00abel inter\u00e9s central de mi trabajo es la documentaci\u00f3n familiar y la cotidianidad, pretendo explorar el mundo a trav\u00e9s de la intimidad del n\u00facleo familiar; concibiendo la fotograf\u00eda como un documento que es testigo de la interacci\u00f3n entre los seres humanos y del paso del tiempo\u00bb.&nbsp;<br><\/p><\/blockquote>\n\n\n\n<p>Actualmente se desempe\u00f1a como docente del diplomado de fotograf\u00eda del Centro de las Artes de la UA de C.<\/p>\n","protected":false},"excerpt":{"rendered":"<p>En el marco del D\u00eda Internacional de la Mujer, la red de fot\u00f3grafas de M\u00e9xico creada en 2019, organiza la exposici\u00f3n \u00abSomos una y somos muchas\u201d, que ser\u00e1 inaugurada este &hellip; <a href=\"https:\/\/lavereda.com.mx\/index.php\/2021\/03\/05\/fotografa-lagunera-participa-en-exposicion-nacional-de-mujeres\/\" class=\"more-link\">Leer m\u00e1s<\/a><\/p>\n","protected":false},"author":9,"featured_media":1369,"comment_status":"open","ping_status":"open","sticky":false,"template":"","format":"standard","meta":{"footnotes":""},"categories":[3,12,18],"tags":[],"class_list":["post-1366","post","type-post","status-publish","format-standard","has-post-thumbnail","hentry","category-artes-visuales","category-equidad","category-lomasrelevante","entry"],"_links":{"self":[{"href":"https:\/\/lavereda.com.mx\/index.php\/wp-json\/wp\/v2\/posts\/1366","targetHints":{"allow":["GET"]}}],"collection":[{"href":"https:\/\/lavereda.com.mx\/index.php\/wp-json\/wp\/v2\/posts"}],"about":[{"href":"https:\/\/lavereda.com.mx\/index.php\/wp-json\/wp\/v2\/types\/post"}],"author":[{"embeddable":true,"href":"https:\/\/lavereda.com.mx\/index.php\/wp-json\/wp\/v2\/users\/9"}],"replies":[{"embeddable":true,"href":"https:\/\/lavereda.com.mx\/index.php\/wp-json\/wp\/v2\/comments?post=1366"}],"version-history":[{"count":2,"href":"https:\/\/lavereda.com.mx\/index.php\/wp-json\/wp\/v2\/posts\/1366\/revisions"}],"predecessor-version":[{"id":1370,"href":"https:\/\/lavereda.com.mx\/index.php\/wp-json\/wp\/v2\/posts\/1366\/revisions\/1370"}],"wp:featuredmedia":[{"embeddable":true,"href":"https:\/\/lavereda.com.mx\/index.php\/wp-json\/wp\/v2\/media\/1369"}],"wp:attachment":[{"href":"https:\/\/lavereda.com.mx\/index.php\/wp-json\/wp\/v2\/media?parent=1366"}],"wp:term":[{"taxonomy":"category","embeddable":true,"href":"https:\/\/lavereda.com.mx\/index.php\/wp-json\/wp\/v2\/categories?post=1366"},{"taxonomy":"post_tag","embeddable":true,"href":"https:\/\/lavereda.com.mx\/index.php\/wp-json\/wp\/v2\/tags?post=1366"}],"curies":[{"name":"wp","href":"https:\/\/api.w.org\/{rel}","templated":true}]}}