{"id":1359,"date":"2021-03-02T18:58:59","date_gmt":"2021-03-02T18:58:59","guid":{"rendered":"http:\/\/lavereda.com.mx\/?p=1359"},"modified":"2021-03-02T18:59:00","modified_gmt":"2021-03-02T18:59:00","slug":"centro-de-la-imagen-presenta-el-ciclo-8m-mujeres-miradas-imaginarios","status":"publish","type":"post","link":"https:\/\/lavereda.com.mx\/index.php\/2021\/03\/02\/centro-de-la-imagen-presenta-el-ciclo-8m-mujeres-miradas-imaginarios\/","title":{"rendered":"Centro de la Imagen presenta el ciclo 8M: Mujeres, miradas, imaginarios"},"content":{"rendered":"\n<p>En el marco de las actividades que realiza\u00a0la Secretar\u00eda de Cultura de M\u00e9xico para conmemorar\u00a0el D\u00eda Internacional de la Mujer, el Centro de la Imagen (CI) presenta el ciclo\u00a0<em>8M: Mujeres, miradas, imaginarios<\/em>, que se llevar\u00e1 a cabo en l\u00ednea del 2 de marzo al 9 de abril, como parte de la campa\u00f1a \u201cContigo en la distancia\u201d.\u00a0\u00a0<\/p>\n\n\n\n<p>Esta programaci\u00f3n, de acceso gratuito, considera tres talleres, cinco conversatorios y una presentaci\u00f3n editorial a cargo de artistas visuales y fot\u00f3grafas que buscan detonar reflexiones sobre g\u00e9nero, violencias contra las mujeres, autorrepresentaci\u00f3n, familia, memoria y trabajos colaborativos a trav\u00e9s de procesos creativos. Con este ciclo de actividades en l\u00ednea, el Centro de la Imagen abre la posibilidad de acercar a otros&nbsp;p\u00fablicos de distintas zonas del pa\u00eds, e incluso del extranjero, a su oferta educativa.&nbsp;&nbsp;<\/p>\n\n\n\n<p>En el ciclo&nbsp;<em>8M<\/em>&nbsp;participar\u00e1n la fot\u00f3grafa argentino-espa\u00f1ola&nbsp;Zahara G\u00f3mez Lucini, la chilena Daniela Bertolini, la argentina Mariela Sancari y las mexicanas&nbsp;Sonia Madrigal, Diana Cano,&nbsp;Gladys Serrano, Carol Esp\u00edndola, Paola D\u00e1vila, Bela Limenes, Elsa Medina y Dolores Medel.&nbsp;&nbsp;<\/p>\n\n\n\n<p>Las actividades se inscriben como parte de la iniciativa de la Secretaria de Cultura de M\u00e9xico para ofrecer un vasto programa de actividades en torno al 8 de marzo, que\u00a0contribuyan a visibilizar el quehacer art\u00edstico de las mujeres, promuevan la equidad, el respeto de los derechos humanos y la erradicaci\u00f3n de las violencias contra ellas.\u00a0<\/p>\n\n\n\n<p>El CI extiende la invitaci\u00f3n a que sigan la programaci\u00f3n en su p\u00e1gina&nbsp;<em>web<\/em>:&nbsp;<a href=\"https:\/\/centrodelaimagen.cultura.gob.mx\/\" target=\"_blank\" rel=\"noreferrer noopener\">https:\/\/centrodelaimagen.cultura.gob.mx\/<\/a>&nbsp;y sus redes sociales, donde se dar\u00e1n a conocer los detalles para ser parte de las actividades.&nbsp;&nbsp;<\/p>\n\n\n\n<p><strong>Ciclo&nbsp;<em>8M: Mujeres, miradas, imaginarios<\/em><\/strong><strong><em>&nbsp;<\/em><\/strong><\/p>\n\n\n\n<ul class=\"wp-block-list\"><li><strong>Talleres&nbsp;<\/strong><\/li><\/ul>\n\n\n\n<p><strong><em>El cambio por construir<\/em><\/strong>&nbsp;<\/p>\n\n\n\n<p>Zahara G\u00f3mez Lucini&nbsp;&nbsp;<\/p>\n\n\n\n<p>Artistas invitadas: Sonia Madrigal y Diana Cano&nbsp;<\/p>\n\n\n\n<p>Del 2 al 11 de marzo&nbsp;&nbsp;<\/p>\n\n\n\n<p>Martes y jueves de 16 a 19 horas&nbsp;<\/p>\n\n\n\n<p><strong><em>Habitar el interior<\/em><\/strong>&nbsp;<\/p>\n\n\n\n<p>Paola D\u00e1vila&nbsp;&nbsp;<\/p>\n\n\n\n<p>Del 22 al 26 de marzo de 16 a 20&nbsp;horas&nbsp;<\/p>\n\n\n\n<p><br><strong><em>\u00c1lbum de familia: deconstrucci\u00f3n de narrativas normativas<\/em><\/strong>&nbsp;<\/p>\n\n\n\n<p>Mariela Sancari&nbsp;&nbsp;<\/p>\n\n\n\n<p>Del 5 al 9 de abril&nbsp;de 17 a 21&nbsp;horas&nbsp;&nbsp;<\/p>\n\n\n\n<ul class=\"wp-block-list\"><li><strong>Presentaci\u00f3n del libro&nbsp;&nbsp;<\/strong><br><br><strong><em>Ama de casa<\/em><\/strong>&nbsp;<br><br>Daniela Bertolini &nbsp;&nbsp;<br><br>Jueves 18 de marzo&nbsp;<br><br>18:30 horas&nbsp;&nbsp;<br><br>Invitada: Carol Esp\u00edndola&nbsp;<\/li><\/ul>\n\n\n\n<ul class=\"wp-block-list\"><li><strong>Charlas&nbsp;<\/strong><\/li><\/ul>\n\n\n\n<p><strong><em>\u00bfDe qu\u00e9 sirve una ventana que no se abre?<\/em><\/strong>&nbsp;<\/p>\n\n\n\n<p>Gladys Serrano&nbsp;&nbsp;<\/p>\n\n\n\n<p>Mi\u00e9rcoles 17 de marzo&nbsp;<\/p>\n\n\n\n<p>18:30 horas&nbsp;&nbsp;<\/p>\n\n\n\n<p><strong><em>El gesto de representarse a s\u00ed mismo<\/em><\/strong>&nbsp;<\/p>\n\n\n\n<p>Bela Limenes&nbsp;&nbsp;<\/p>\n\n\n\n<p>Mi\u00e9rcoles 24 de marzo&nbsp;<\/p>\n\n\n\n<p>18:30 horas&nbsp;&nbsp;<\/p>\n\n\n\n<p><strong><em>La fotograf\u00eda en primera persona<\/em><\/strong>&nbsp;<\/p>\n\n\n\n<p>Elsa Medina&nbsp;&nbsp;<\/p>\n\n\n\n<p>Jueves 25 de marzo&nbsp;<\/p>\n\n\n\n<p>18:30 horas&nbsp;&nbsp;<\/p>\n\n\n\n<p><strong><em>Mujeres y territorio<\/em><\/strong>&nbsp;<\/p>\n\n\n\n<p>Sonia Madrigal&nbsp;&nbsp;<\/p>\n\n\n\n<p>Jueves 1\u00ba de abril&nbsp;&nbsp;<\/p>\n\n\n\n<p>18:30 horas&nbsp;&nbsp;<\/p>\n\n\n\n<p><strong><em>Memorias, caminos y relatos<\/em><\/strong>&nbsp;<\/p>\n\n\n\n<p>Dolores Medel&nbsp;<\/p>\n\n\n\n<p>Jueves 8 de abril 2021&nbsp;<\/p>\n\n\n\n<p>18:30&nbsp;horas&nbsp;&nbsp;<\/p>\n","protected":false},"excerpt":{"rendered":"<p>En el marco de las actividades que realiza\u00a0la Secretar\u00eda de Cultura de M\u00e9xico para conmemorar\u00a0el D\u00eda Internacional de la Mujer, el Centro de la Imagen (CI) presenta el ciclo\u00a08M: Mujeres, &hellip; <a href=\"https:\/\/lavereda.com.mx\/index.php\/2021\/03\/02\/centro-de-la-imagen-presenta-el-ciclo-8m-mujeres-miradas-imaginarios\/\" class=\"more-link\">Leer m\u00e1s<\/a><\/p>\n","protected":false},"author":1,"featured_media":1360,"comment_status":"open","ping_status":"open","sticky":false,"template":"","format":"standard","meta":{"footnotes":""},"categories":[3],"tags":[],"class_list":["post-1359","post","type-post","status-publish","format-standard","has-post-thumbnail","hentry","category-artes-visuales","entry"],"_links":{"self":[{"href":"https:\/\/lavereda.com.mx\/index.php\/wp-json\/wp\/v2\/posts\/1359","targetHints":{"allow":["GET"]}}],"collection":[{"href":"https:\/\/lavereda.com.mx\/index.php\/wp-json\/wp\/v2\/posts"}],"about":[{"href":"https:\/\/lavereda.com.mx\/index.php\/wp-json\/wp\/v2\/types\/post"}],"author":[{"embeddable":true,"href":"https:\/\/lavereda.com.mx\/index.php\/wp-json\/wp\/v2\/users\/1"}],"replies":[{"embeddable":true,"href":"https:\/\/lavereda.com.mx\/index.php\/wp-json\/wp\/v2\/comments?post=1359"}],"version-history":[{"count":1,"href":"https:\/\/lavereda.com.mx\/index.php\/wp-json\/wp\/v2\/posts\/1359\/revisions"}],"predecessor-version":[{"id":1361,"href":"https:\/\/lavereda.com.mx\/index.php\/wp-json\/wp\/v2\/posts\/1359\/revisions\/1361"}],"wp:featuredmedia":[{"embeddable":true,"href":"https:\/\/lavereda.com.mx\/index.php\/wp-json\/wp\/v2\/media\/1360"}],"wp:attachment":[{"href":"https:\/\/lavereda.com.mx\/index.php\/wp-json\/wp\/v2\/media?parent=1359"}],"wp:term":[{"taxonomy":"category","embeddable":true,"href":"https:\/\/lavereda.com.mx\/index.php\/wp-json\/wp\/v2\/categories?post=1359"},{"taxonomy":"post_tag","embeddable":true,"href":"https:\/\/lavereda.com.mx\/index.php\/wp-json\/wp\/v2\/tags?post=1359"}],"curies":[{"name":"wp","href":"https:\/\/api.w.org\/{rel}","templated":true}]}}