{"id":1355,"date":"2021-03-02T00:27:01","date_gmt":"2021-03-02T00:27:01","guid":{"rendered":"http:\/\/lavereda.com.mx\/?p=1355"},"modified":"2021-03-02T00:27:04","modified_gmt":"2021-03-02T00:27:04","slug":"ua-de-c-rinde-homenaje-a-dos-creadoras-laguneras","status":"publish","type":"post","link":"https:\/\/lavereda.com.mx\/index.php\/2021\/03\/02\/ua-de-c-rinde-homenaje-a-dos-creadoras-laguneras\/","title":{"rendered":"UA de C rinde homenaje a dos creadoras laguneras"},"content":{"rendered":"\n<ul class=\"wp-block-list\"><li><span><span style=\"font-weight: 600;\"><i>Magdalena<\/i><\/span><i style=\"font-weight: bold;\"> Briones y Oralia Esparza ser\u00e1n reconocidas por su trayectoria<\/i><\/span>.<\/li><\/ul>\n\n\n\n<p>Un merecido homenaje en el marco del D\u00eda Internacional de la Mujer, rendir\u00e1 la Coordinaci\u00f3n Unidad Torre\u00f3n de la Universidad Aut\u00f3noma de Coahuila, a dos laguneras que han hecho de su vida un ejemplo de compromiso social inalterable.<\/p>\n\n\n\n<p>Magdalena Briones Navarro y Oralia Esparza Rodr\u00edguez, recibir\u00e1n el pr\u00f3ximo lunes 8 de marzo, a las 12:00 horas, de voz y manos de la coordinadora de la UAdeC Unidad Torre\u00f3n, Sandra L\u00f3pez Chavarr\u00eda, tal reconocimiento a su trayectoria acad\u00e9mica, cultural, sociopol\u00edtica, de g\u00e9nero, activismo y art\u00edstica.&nbsp;<\/p>\n\n\n\n<p>El Departamento de Difusi\u00f3n Cultural (DDC), organiza y convoca a esta ceremonia, que ser\u00e1 transmitida a trav\u00e9s de la plataforma Facebook live.<\/p>\n\n\n\n<p>Magda Briones, ya retirada de labores profesionales, ejerci\u00f3 la docencia en universidades laguneras. De hecho, en la hoy UAdeC, fue catedr\u00e1tica en la Facultad de Ciencias Pol\u00edticas y en la Ibero Torre\u00f3n, adem\u00e1s de haber estado al frente de la Casa de la Cultura de Torre\u00f3n. Es conocida su amplia y puntual vocaci\u00f3n art\u00edstica a trav\u00e9s de la danza flamenca, don que pudo llevar incluso al extranjero donde se present\u00f3 como bailarina. Mucho tuvo que ver, apoy\u00e1ndola, con la reconocida Pilar Rioja. Ambientalista, pol\u00edtica, ex candidata a la alcald\u00eda, entre otros m\u00e9ritos, distinguen a la homenajeada, quien es autora de ensayos, obras de teatro, columnas period\u00edsticas y pintora.&nbsp;<\/p>\n\n\n\n<p>Oralia Esparza Rodr\u00edguez es profesora normalista, ejerci\u00f3 la docencia durante m\u00e1s de 43 a\u00f1os en niveles de educaci\u00f3n media y universitaria. Es Maestra en Letras Modernas, y aun candidata al grado de Doctorado en Filosof\u00eda por la UIA M\u00e9xico.<\/p>\n\n\n\n<p>Egresada del Colegio de M\u00e9xico, AC., del IV Curso de Verano del Programa Interdisciplinario de Estudios de la Mujer.<\/p>\n\n\n\n<p>Es conocida por sus innumerables intervenciones en coloquios, congresos, y reuniones relacionados a las mujeres y temas de g\u00e9nero, tanto en instituciones de educaci\u00f3n superior del pa\u00eds como internacionales. Conferencista en el tema Filosof\u00eda en el Aula, en la Universidad de Alcal\u00e1 de Henares, Madrid, Espa\u00f1a, y ponente en la V Conferencia Internacional sobre Filosof\u00eda para Ni\u00f1os en la Universidad de Graz, Austria.<\/p>\n\n\n\n<figure class=\"wp-block-image size-large\"><img fetchpriority=\"high\" decoding=\"async\" width=\"650\" height=\"467\" src=\"https:\/\/lavereda.com.mx\/wp-content\/uploads\/2021\/03\/Oralia-Esparza.jpeg\" alt=\"\" class=\"wp-image-1357\" srcset=\"https:\/\/lavereda.com.mx\/wp-content\/uploads\/2021\/03\/Oralia-Esparza.jpeg 650w, https:\/\/lavereda.com.mx\/wp-content\/uploads\/2021\/03\/Oralia-Esparza-300x216.jpeg 300w\" sizes=\"(max-width: 650px) 100vw, 650px\" \/><\/figure>\n","protected":false},"excerpt":{"rendered":"<p>Magdalena Briones y Oralia Esparza ser\u00e1n reconocidas por su trayectoria. Un merecido homenaje en el marco del D\u00eda Internacional de la Mujer, rendir\u00e1 la Coordinaci\u00f3n Unidad Torre\u00f3n de la Universidad &hellip; <a href=\"https:\/\/lavereda.com.mx\/index.php\/2021\/03\/02\/ua-de-c-rinde-homenaje-a-dos-creadoras-laguneras\/\" class=\"more-link\">Leer m\u00e1s<\/a><\/p>\n","protected":false},"author":1,"featured_media":1356,"comment_status":"open","ping_status":"open","sticky":false,"template":"","format":"standard","meta":{"footnotes":""},"categories":[18,8],"tags":[],"class_list":["post-1355","post","type-post","status-publish","format-standard","has-post-thumbnail","hentry","category-lomasrelevante","category-sociedad","entry"],"_links":{"self":[{"href":"https:\/\/lavereda.com.mx\/index.php\/wp-json\/wp\/v2\/posts\/1355","targetHints":{"allow":["GET"]}}],"collection":[{"href":"https:\/\/lavereda.com.mx\/index.php\/wp-json\/wp\/v2\/posts"}],"about":[{"href":"https:\/\/lavereda.com.mx\/index.php\/wp-json\/wp\/v2\/types\/post"}],"author":[{"embeddable":true,"href":"https:\/\/lavereda.com.mx\/index.php\/wp-json\/wp\/v2\/users\/1"}],"replies":[{"embeddable":true,"href":"https:\/\/lavereda.com.mx\/index.php\/wp-json\/wp\/v2\/comments?post=1355"}],"version-history":[{"count":1,"href":"https:\/\/lavereda.com.mx\/index.php\/wp-json\/wp\/v2\/posts\/1355\/revisions"}],"predecessor-version":[{"id":1358,"href":"https:\/\/lavereda.com.mx\/index.php\/wp-json\/wp\/v2\/posts\/1355\/revisions\/1358"}],"wp:featuredmedia":[{"embeddable":true,"href":"https:\/\/lavereda.com.mx\/index.php\/wp-json\/wp\/v2\/media\/1356"}],"wp:attachment":[{"href":"https:\/\/lavereda.com.mx\/index.php\/wp-json\/wp\/v2\/media?parent=1355"}],"wp:term":[{"taxonomy":"category","embeddable":true,"href":"https:\/\/lavereda.com.mx\/index.php\/wp-json\/wp\/v2\/categories?post=1355"},{"taxonomy":"post_tag","embeddable":true,"href":"https:\/\/lavereda.com.mx\/index.php\/wp-json\/wp\/v2\/tags?post=1355"}],"curies":[{"name":"wp","href":"https:\/\/api.w.org\/{rel}","templated":true}]}}