{"id":1352,"date":"2021-03-01T18:24:55","date_gmt":"2021-03-01T18:24:55","guid":{"rendered":"http:\/\/lavereda.com.mx\/?p=1352"},"modified":"2021-03-01T18:24:57","modified_gmt":"2021-03-01T18:24:57","slug":"presentan-concierto-carlos-ramos-y-dueto-bacalar","status":"publish","type":"post","link":"https:\/\/lavereda.com.mx\/index.php\/2021\/03\/01\/presentan-concierto-carlos-ramos-y-dueto-bacalar\/","title":{"rendered":"Presentan concierto Carlos Ramos y dueto Bacalar"},"content":{"rendered":"\n<p>El pianista gomezpalatino Carlos Ramos y el dueto Bacalar ofrecer\u00e1n un concierto de m\u00fasica popular contempor\u00e1nea a trav\u00e9s de la p\u00e1gina de Facebook Live del Teatro Isauro Mart\u00ednez, el pr\u00f3ximo jueves 4 de marzo a las 7:00 pm.<\/p>\n\n\n\n<p>Carlos Ramos es pionero del jazz, form\u00f3 la primer Big Band de m\u00fasica popular contempor\u00e1nea \u201cJazz Tiempo\u201d, tiene el premio \u201cSantiago Lavin\u201dque otorga la ciudadan\u00eda de G\u00f3mez Palacio y la presea \u00bb Ancla\u00bb otorgado por el gobierno del Estado de Durango.&nbsp;<\/p>\n\n\n\n<p>A lo largo de su trayectoria art\u00edstica de 55 a\u00f1os ha colaborado en muchas grabaciones como invitado y ejecutante en producciones de diferentes grupos musicales, tambi\u00e9n ha alternado con pianistas y cantantes de la talla de Armando Manzanero, Ray Charles, Los hermanos Castro, Eugenia Le\u00f3n, Jos\u00e9 Jos\u00e9, Roberto Carlos, &nbsp;Tania Libertad, Alberto Cortez, Enrique Nery, entre otros.&nbsp;<\/p>\n\n\n\n<p>Sus inicios en el piano fueron gracias a sus padres Amparo Sosa de Ramos , maestra de piano y cantante y Armando Ramos Mart\u00ednez, a la edad de 6 a\u00f1os fue el \u00fanico de sus hermanos que decidi\u00f3 dedicarse a la muisca. Desde ni\u00f1o fue autodidacta ya que aprendi\u00f3 piano al ver el movimiento de las manos de su madre su padre tambi\u00e9n fue l\u00edrico.<\/p>\n\n\n\n<p>Carlos Ramos ha participado en conciertos en colaboraci\u00f3n con la Orquesta Vivaldi, as\u00ed como con distintas \u201cBig Bands\u201d; adem\u00e1s, fue director de la primera orquesta de jazz contempor\u00e1neo de Torre\u00f3n, Jazz Tiempo.&nbsp;<\/p>\n\n\n\n<p>Bacalar trc es una agrupaci\u00f3n vers\u00e1til fundada en el a\u00f1o 2016 por Elio V\u00e1zquez (Multi-instrumentista y Cantante) y Sandy Lira (Cantante). Cursando diferentes ingenier\u00edas, Elio y Sandy coinciden en la misma Universidad. Deciden formar Bacalar, partiendo de la idea de llevar m\u00fasica a bares, restaurantes y eventos privados en la Comarca Lagunera. Una vez establecida la agrupaci\u00f3n han tenido la oportunidad de pisar diferentes escenarios y abrir concierto a artistas como Los Claxons en el evento \u201cLa calle es de todos\u201d o acompa\u00f1ar a la cantante espa\u00f1ola \u201cAna Torroja\u201d en el Poliforum de Torre\u00f3n.<\/p>\n\n\n\n<p>Actualmente tambi\u00e9n trabajan en su material discogr\u00e1fico con canciones de autor\u00eda, esperando darlas a conocer pr\u00f3ximamente en redes sociales.<\/p>\n","protected":false},"excerpt":{"rendered":"<p>El pianista gomezpalatino Carlos Ramos y el dueto Bacalar ofrecer\u00e1n un concierto de m\u00fasica popular contempor\u00e1nea a trav\u00e9s de la p\u00e1gina de Facebook Live del Teatro Isauro Mart\u00ednez, el pr\u00f3ximo &hellip; <a href=\"https:\/\/lavereda.com.mx\/index.php\/2021\/03\/01\/presentan-concierto-carlos-ramos-y-dueto-bacalar\/\" class=\"more-link\">Leer m\u00e1s<\/a><\/p>\n","protected":false},"author":1,"featured_media":1353,"comment_status":"open","ping_status":"open","sticky":false,"template":"","format":"standard","meta":{"footnotes":""},"categories":[11,4],"tags":[],"class_list":["post-1352","post","type-post","status-publish","format-standard","has-post-thumbnail","hentry","category-agenda","category-musica","entry"],"_links":{"self":[{"href":"https:\/\/lavereda.com.mx\/index.php\/wp-json\/wp\/v2\/posts\/1352","targetHints":{"allow":["GET"]}}],"collection":[{"href":"https:\/\/lavereda.com.mx\/index.php\/wp-json\/wp\/v2\/posts"}],"about":[{"href":"https:\/\/lavereda.com.mx\/index.php\/wp-json\/wp\/v2\/types\/post"}],"author":[{"embeddable":true,"href":"https:\/\/lavereda.com.mx\/index.php\/wp-json\/wp\/v2\/users\/1"}],"replies":[{"embeddable":true,"href":"https:\/\/lavereda.com.mx\/index.php\/wp-json\/wp\/v2\/comments?post=1352"}],"version-history":[{"count":1,"href":"https:\/\/lavereda.com.mx\/index.php\/wp-json\/wp\/v2\/posts\/1352\/revisions"}],"predecessor-version":[{"id":1354,"href":"https:\/\/lavereda.com.mx\/index.php\/wp-json\/wp\/v2\/posts\/1352\/revisions\/1354"}],"wp:featuredmedia":[{"embeddable":true,"href":"https:\/\/lavereda.com.mx\/index.php\/wp-json\/wp\/v2\/media\/1353"}],"wp:attachment":[{"href":"https:\/\/lavereda.com.mx\/index.php\/wp-json\/wp\/v2\/media?parent=1352"}],"wp:term":[{"taxonomy":"category","embeddable":true,"href":"https:\/\/lavereda.com.mx\/index.php\/wp-json\/wp\/v2\/categories?post=1352"},{"taxonomy":"post_tag","embeddable":true,"href":"https:\/\/lavereda.com.mx\/index.php\/wp-json\/wp\/v2\/tags?post=1352"}],"curies":[{"name":"wp","href":"https:\/\/api.w.org\/{rel}","templated":true}]}}