{"id":1347,"date":"2021-03-01T17:55:32","date_gmt":"2021-03-01T17:55:32","guid":{"rendered":"http:\/\/lavereda.com.mx\/?p=1347"},"modified":"2021-03-01T17:55:50","modified_gmt":"2021-03-01T17:55:50","slug":"invitan-a-disfrutar-el-festival-digital-que-vivan-las-mujeres","status":"publish","type":"post","link":"https:\/\/lavereda.com.mx\/index.php\/2021\/03\/01\/invitan-a-disfrutar-el-festival-digital-que-vivan-las-mujeres\/","title":{"rendered":"Invitan a disfrutar el festival digital \u00a1Qu\u00e9 vivan las mujeres!"},"content":{"rendered":"\n<p>En el marco del D\u00eda Internacional de la Mujer, la Secretar\u00eda de Cultura del Gobierno de M\u00e9xico presenta el festival \u00a1Que Vivan las Mujeres!, que re\u00fane el talento de una diversidad de artistas y creadoras, y ofrece una muestra del poder transformador de la cultura.&nbsp;<\/p>\n\n\n\n<p>Esta oferta cultural, que se transmitir\u00e1 los d\u00edas 6, 7 y 8 de marzo, conjunta una amplia gama de artistas para p\u00fablicos de todas las edades, con presentaciones que van desde m\u00fasica tradicional mexicana hasta&nbsp;reggae&nbsp;y rap, adem\u00e1s de diversas actividades culturales y art\u00edsticas, producto de una serie de interacciones a la distancia entre artistas y ni\u00f1as y j\u00f3venes de diversos Semilleros creativos del programa Cultura Comunitaria, as\u00ed como talleres de lectura, creaci\u00f3n de historietas y m\u00e1s.&nbsp;&nbsp;<\/p>\n\n\n\n<p>Al respecto, la secretaria de Cultura del Gobierno de M\u00e9xico, Alejandra Frausto Guerrero, dijo: \u201cParte de este festival se hizo en conjunto con ni\u00f1as de los Semilleros creativos de Cultura Comunitaria y artistas, quienes a trav\u00e9s del di\u00e1logo lograron creaciones que podremos conocer en&nbsp;\u00a1Que Vivan las Mujeres!\u201d.&nbsp;<\/p>\n\n\n\n<p>Este festival, cuyo arte fue realizado por la ilustradora feminista Er\u00e9ndira Derbez, es de entrada libre y cupo ilimitado y deleitar\u00e1 al p\u00fablico con presentaciones como la de la cantautora Silvana Estrada, la de Olinka, una de las pioneras de la escena reggae en nuestro pa\u00eds, y la de Marissa Mur, una de las artistas m\u00e1s relevantes de la escena emergente en M\u00e9xico.&nbsp;<\/p>\n\n\n\n<p>Hispana se une a la celebraci\u00f3n con una dosis de rap, mientras que Jenny Beaujean ofrecer\u00e1 una sesi\u00f3n de matices musicales y emocionales acompa\u00f1ada de la banda JAB. Tambi\u00e9n estar\u00e1n la agrupaci\u00f3n de rock alternativo formada en la Ciudad de M\u00e9xico, Hello Seahorse!; y una de las mayores representantes del rock independiente Kenny, acompa\u00f1ada de Los El\u00e9ctricos.&nbsp;<\/p>\n\n\n\n<p>Bere Contreras se presentar\u00e1 con una mezcla de magia, jazz, pop y folk, mientras que Ca\u00f1a Dulce y Ca\u00f1a Brava dar\u00e1 una muestra de son jarocho tradicional y renovado. Adem\u00e1s, estar\u00e1n la compositora cubana mexicana Leiden y la cantante y compositora Iris Bringas, nacida en la Ciudad de M\u00e9xico.&nbsp;<\/p>\n\n\n\n<p>El p\u00fablico tambi\u00e9n podr\u00e1 disfrutar de la presencia de la banda sinf\u00f3nica comunitaria \u201cMujeres del viento florido\u201d de Santa Mar\u00eda Tlahuitoltepec, Oaxaca, un Semillero creativo apoyado por el Sistema Nacional de Fomento Musical que est\u00e1 integrado por 58 mujeres m\u00fasicas, hablantes del ayuujk, zapoteco y mixteco.&nbsp;<\/p>\n\n\n\n<blockquote class=\"wp-block-quote is-layout-flow wp-block-quote-is-layout-flow\"><p>Como parte de las din\u00e1micas de este festival, 88 ni\u00f1as y j\u00f3venes\u00a0de diversos Semilleros creativos del programa Cultura Comunitaria, sostuvieron seis encuentros virtuales con artistas, como Natalia Lafourcade,\u00a0Vivir Quintana y Ren\u00e9e Goust, para conversar sobre sus procesos de creaci\u00f3n.\u00a0<\/p><\/blockquote>\n\n\n\n<p>Estos di\u00e1logos dieron como resultado trabajos que podr\u00e1n ser apreciados en \u00a1Que Vivan las Mujeres!. Entre estos se encuentran un video musical producto del encuentro entre el Semillero creativo de producci\u00f3n audiovisual de Ciudad Victoria, Tamaulipas, y la rapera y activista Ximbo; obras pl\u00e1sticas hechas por ni\u00f1as del Semillero de pintura de La Piedad, Michoac\u00e1n, que se inspiraron en una canci\u00f3n de la cantante Vivir Quintana; o una serie fotogr\u00e1fica con ni\u00f1as, madres y abuelas como protagonistas, hecha por ni\u00f1as del Semillero de fotograf\u00eda de Villa de Mitla y Villa de Zaachila, Oaxaca, quienes conversaron con la compositora y bailarina Alejandra Robles \u201cLa Morena\u201d.&nbsp;<\/p>\n\n\n\n<p>Estos trabajos podr\u00e1n verse durante la transmisi\u00f3n los d\u00edas 6, 7 y 8 de marzo y permanecer\u00e1n en la plataforma Contigo en la distancia (<a href=\"https:\/\/contigoenladistancia.cultura.gob.mx\/\" target=\"_blank\" rel=\"noreferrer noopener\">https:\/\/contigoenladistancia.cultura.gob.mx\/<\/a>).&nbsp;<\/p>\n\n\n\n<p>Adem\u00e1s, como parte de la colaboraci\u00f3n con el Sistema de Apoyos a la Creaci\u00f3n y Proyectos Culturales, por medio del Programa de Interacci\u00f3n Cultural y Social y en conjunto con el programa Cultura Comunitaria, de manera paralela a la transmisi\u00f3n se realizar\u00e1n 24 actividades virtuales del 8 al 29 de marzo con creadoras de los programas: Sistema Nacional de Creadores de Arte, M\u00fasicos Tradicionales Mexicanos, M\u00e9xico en Escena y J\u00f3venes Creadores.&nbsp;&nbsp;<\/p>\n\n\n\n<p>La transmisi\u00f3n de \u00a1Que Vivan las Mujeres! podr\u00e1 seguirse a trav\u00e9s de la plataforma Contigo en la distancia, en las redes sociales de la Secretar\u00eda de Cultura y del&nbsp;Instituto Nacional de las Mujeres, y en elSistema P\u00fablico de Radiodifusi\u00f3n del Estado Mexicano (SPR) con todas sus emisoras, IMER, Radio Educaci\u00f3n, Canal 14, Canal Once y Canal 22, los pr\u00f3ximos 6, 7 y 8 de marzo a partir de las 16:00 horas.&nbsp;&nbsp;<\/p>\n\n\n\n<p><\/p>\n","protected":false},"excerpt":{"rendered":"<p>En el marco del D\u00eda Internacional de la Mujer, la Secretar\u00eda de Cultura del Gobierno de M\u00e9xico presenta el festival \u00a1Que Vivan las Mujeres!, que re\u00fane el talento de una &hellip; <a href=\"https:\/\/lavereda.com.mx\/index.php\/2021\/03\/01\/invitan-a-disfrutar-el-festival-digital-que-vivan-las-mujeres\/\" class=\"more-link\">Leer m\u00e1s<\/a><\/p>\n","protected":false},"author":1,"featured_media":1348,"comment_status":"open","ping_status":"open","sticky":false,"template":"","format":"standard","meta":{"footnotes":""},"categories":[2,18],"tags":[],"class_list":["post-1347","post","type-post","status-publish","format-standard","has-post-thumbnail","hentry","category-artes-escenicas","category-lomasrelevante","entry"],"_links":{"self":[{"href":"https:\/\/lavereda.com.mx\/index.php\/wp-json\/wp\/v2\/posts\/1347","targetHints":{"allow":["GET"]}}],"collection":[{"href":"https:\/\/lavereda.com.mx\/index.php\/wp-json\/wp\/v2\/posts"}],"about":[{"href":"https:\/\/lavereda.com.mx\/index.php\/wp-json\/wp\/v2\/types\/post"}],"author":[{"embeddable":true,"href":"https:\/\/lavereda.com.mx\/index.php\/wp-json\/wp\/v2\/users\/1"}],"replies":[{"embeddable":true,"href":"https:\/\/lavereda.com.mx\/index.php\/wp-json\/wp\/v2\/comments?post=1347"}],"version-history":[{"count":2,"href":"https:\/\/lavereda.com.mx\/index.php\/wp-json\/wp\/v2\/posts\/1347\/revisions"}],"predecessor-version":[{"id":1351,"href":"https:\/\/lavereda.com.mx\/index.php\/wp-json\/wp\/v2\/posts\/1347\/revisions\/1351"}],"wp:featuredmedia":[{"embeddable":true,"href":"https:\/\/lavereda.com.mx\/index.php\/wp-json\/wp\/v2\/media\/1348"}],"wp:attachment":[{"href":"https:\/\/lavereda.com.mx\/index.php\/wp-json\/wp\/v2\/media?parent=1347"}],"wp:term":[{"taxonomy":"category","embeddable":true,"href":"https:\/\/lavereda.com.mx\/index.php\/wp-json\/wp\/v2\/categories?post=1347"},{"taxonomy":"post_tag","embeddable":true,"href":"https:\/\/lavereda.com.mx\/index.php\/wp-json\/wp\/v2\/tags?post=1347"}],"curies":[{"name":"wp","href":"https:\/\/api.w.org\/{rel}","templated":true}]}}