{"id":1341,"date":"2021-02-26T19:10:36","date_gmt":"2021-02-26T19:10:36","guid":{"rendered":"http:\/\/lavereda.com.mx\/?p=1341"},"modified":"2021-02-26T19:10:38","modified_gmt":"2021-02-26T19:10:38","slug":"el-pianista","status":"publish","type":"post","link":"https:\/\/lavereda.com.mx\/index.php\/2021\/02\/26\/el-pianista\/","title":{"rendered":"El Pianista"},"content":{"rendered":"\n<p><strong>(The Pianist, 2002)<\/strong><\/p>\n\n\n\n<p>Retrato fiel de los horrores del Holocausto, El Pianista muestra, en su completa dimensi\u00f3n monstruosa, c\u00f3mo el Ej\u00e9rcito Nazi despoj\u00f3 de su vida y de su dignidad a miles de personas en la Segunda Guerra Mundial.<\/p>\n\n\n\n<p>El director maldito Roman Polanski confronta al mundo, una vez m\u00e1s, con la devastaci\u00f3n de las armas. Alemania invade Polonia y los residentes de Varsovia son enviados al gueto. Sus condiciones pasan a ser las de cautivos, luego a las de sobrevivientes y, por \u00faltimo a las de despojos humanos. Por m\u00e1s que se quiere echar una mirada imparcial a este episodio clave en la historia de la humanidad, los soldados de la ocupaci\u00f3n se muestran horripilantes e insensibles al enorme sufrimiento que provocan en una masa de personas que est\u00e1n a su mercede, en espera de la aniquilaci\u00f3n.<\/p>\n\n\n\n<p>La historia sigue a un pianista, de alma refinada, que tiene qu\u00e9 enfrentar los rigores de un conflicto b\u00e9lico, en el que se ve atrapado junto con su familia. Un malvado militar al que se le conoce como Hitler, ha decidido que ellos y sus vecinos sean despojados de todo y su camino es hacia la muerte.<\/p>\n\n\n\n<p>De esta forma, se muestra c\u00f3mo es que un tipo de alma sensible a las artes es obligado a arrostrar las peores bajezas que un ser humano puede infligir en otro.<\/p>\n\n\n\n<p>Es una obra maestra que le dio el Oscar a Adrien Brody.<\/p>\n\n\n\n<p>(R. Restringido; menores de 17 deben estar acompa\u00f1ados de sus padres)<\/p>\n\n\n\n<p>Netflix<\/p>\n\n\n\n<p>Twitter @LucianoCamposG<\/p>\n","protected":false},"excerpt":{"rendered":"<p>(The Pianist, 2002) Retrato fiel de los horrores del Holocausto, El Pianista muestra, en su completa dimensi\u00f3n monstruosa, c\u00f3mo el Ej\u00e9rcito Nazi despoj\u00f3 de su vida y de su dignidad &hellip; <a href=\"https:\/\/lavereda.com.mx\/index.php\/2021\/02\/26\/el-pianista\/\" class=\"more-link\">Leer m\u00e1s<\/a><\/p>\n","protected":false},"author":3,"featured_media":1342,"comment_status":"open","ping_status":"open","sticky":false,"template":"","format":"standard","meta":{"footnotes":""},"categories":[6],"tags":[],"class_list":["post-1341","post","type-post","status-publish","format-standard","has-post-thumbnail","hentry","category-cinetv","entry"],"_links":{"self":[{"href":"https:\/\/lavereda.com.mx\/index.php\/wp-json\/wp\/v2\/posts\/1341","targetHints":{"allow":["GET"]}}],"collection":[{"href":"https:\/\/lavereda.com.mx\/index.php\/wp-json\/wp\/v2\/posts"}],"about":[{"href":"https:\/\/lavereda.com.mx\/index.php\/wp-json\/wp\/v2\/types\/post"}],"author":[{"embeddable":true,"href":"https:\/\/lavereda.com.mx\/index.php\/wp-json\/wp\/v2\/users\/3"}],"replies":[{"embeddable":true,"href":"https:\/\/lavereda.com.mx\/index.php\/wp-json\/wp\/v2\/comments?post=1341"}],"version-history":[{"count":1,"href":"https:\/\/lavereda.com.mx\/index.php\/wp-json\/wp\/v2\/posts\/1341\/revisions"}],"predecessor-version":[{"id":1343,"href":"https:\/\/lavereda.com.mx\/index.php\/wp-json\/wp\/v2\/posts\/1341\/revisions\/1343"}],"wp:featuredmedia":[{"embeddable":true,"href":"https:\/\/lavereda.com.mx\/index.php\/wp-json\/wp\/v2\/media\/1342"}],"wp:attachment":[{"href":"https:\/\/lavereda.com.mx\/index.php\/wp-json\/wp\/v2\/media?parent=1341"}],"wp:term":[{"taxonomy":"category","embeddable":true,"href":"https:\/\/lavereda.com.mx\/index.php\/wp-json\/wp\/v2\/categories?post=1341"},{"taxonomy":"post_tag","embeddable":true,"href":"https:\/\/lavereda.com.mx\/index.php\/wp-json\/wp\/v2\/tags?post=1341"}],"curies":[{"name":"wp","href":"https:\/\/api.w.org\/{rel}","templated":true}]}}