{"id":1335,"date":"2021-02-25T17:53:28","date_gmt":"2021-02-25T17:53:28","guid":{"rendered":"http:\/\/lavereda.com.mx\/?p=1335"},"modified":"2021-02-25T17:53:30","modified_gmt":"2021-02-25T17:53:30","slug":"fallece-el-promotor-cultural-y-educador-gabriel-castillo","status":"publish","type":"post","link":"https:\/\/lavereda.com.mx\/index.php\/2021\/02\/25\/fallece-el-promotor-cultural-y-educador-gabriel-castillo\/","title":{"rendered":"Fallece el promotor cultural y educador Gabriel Castillo"},"content":{"rendered":"\n<p>El profesor Gabriel Castillo, director de servicios educativos de la subsecretaria de educaci\u00f3n en La Laguna de Durango, adem\u00e1s promotor cultural y de la lectura, falleci\u00f3 este mi\u00e9rcoles, confirmaron medios de comunicaci\u00f3n laguneros.<\/p>\n\n\n\n<p>Gabriel Castillo presidi\u00f3 la Fundaci\u00f3n Jos\u00e9 Santos Vald\u00e9s, particip\u00f3 y coordin\u00f3 el proyecto \u201cLaguna: regi\u00f3n de lectores\u201d as\u00ed como la primera Feria Regional del Libro en La Laguna, que se realiz\u00f3 en el 2019 en la Expo Feria de G\u00f3mez Palacio; con la presencia de destacados escritores, como Hugo Hiriart.<\/p>\n\n\n\n<p>El profesor fue incansable promotor de la cultura, de paseos culturales en G\u00f3mez Palacio y Lerdo y contaba con una amplia trayectoria y posgrados en el \u00e1mbito de la educaci\u00f3n. Contaba con m\u00e1s de 40 a\u00f1os de trayectoria profesional.&nbsp;<\/p>\n\n\n\n<p>De acuerdo con&nbsp;<em>Milenio Laguna<\/em>, de donde era dem\u00e1s columnista, escribi\u00f3 los libros \u201cM\u00e1s all\u00e1 del para\u00edso: Aproximaciones a Jos\u00e9 Lezama Lima\u201d y \u201cTomar la palabra II\u201d.<\/p>\n\n\n\n<p>Que en paz descanse, Gabriel Castillo.<\/p>\n\n\n\n<p><em>Foto: Milenio Laguna.<\/em><\/p>\n","protected":false},"excerpt":{"rendered":"<p>El profesor Gabriel Castillo, director de servicios educativos de la subsecretaria de educaci\u00f3n en La Laguna de Durango, adem\u00e1s promotor cultural y de la lectura, falleci\u00f3 este mi\u00e9rcoles, confirmaron medios &hellip; <a href=\"https:\/\/lavereda.com.mx\/index.php\/2021\/02\/25\/fallece-el-promotor-cultural-y-educador-gabriel-castillo\/\" class=\"more-link\">Leer m\u00e1s<\/a><\/p>\n","protected":false},"author":1,"featured_media":1336,"comment_status":"open","ping_status":"open","sticky":false,"template":"","format":"standard","meta":{"footnotes":""},"categories":[5],"tags":[],"class_list":["post-1335","post","type-post","status-publish","format-standard","has-post-thumbnail","hentry","category-letras-y-libros","entry"],"_links":{"self":[{"href":"https:\/\/lavereda.com.mx\/index.php\/wp-json\/wp\/v2\/posts\/1335","targetHints":{"allow":["GET"]}}],"collection":[{"href":"https:\/\/lavereda.com.mx\/index.php\/wp-json\/wp\/v2\/posts"}],"about":[{"href":"https:\/\/lavereda.com.mx\/index.php\/wp-json\/wp\/v2\/types\/post"}],"author":[{"embeddable":true,"href":"https:\/\/lavereda.com.mx\/index.php\/wp-json\/wp\/v2\/users\/1"}],"replies":[{"embeddable":true,"href":"https:\/\/lavereda.com.mx\/index.php\/wp-json\/wp\/v2\/comments?post=1335"}],"version-history":[{"count":1,"href":"https:\/\/lavereda.com.mx\/index.php\/wp-json\/wp\/v2\/posts\/1335\/revisions"}],"predecessor-version":[{"id":1337,"href":"https:\/\/lavereda.com.mx\/index.php\/wp-json\/wp\/v2\/posts\/1335\/revisions\/1337"}],"wp:featuredmedia":[{"embeddable":true,"href":"https:\/\/lavereda.com.mx\/index.php\/wp-json\/wp\/v2\/media\/1336"}],"wp:attachment":[{"href":"https:\/\/lavereda.com.mx\/index.php\/wp-json\/wp\/v2\/media?parent=1335"}],"wp:term":[{"taxonomy":"category","embeddable":true,"href":"https:\/\/lavereda.com.mx\/index.php\/wp-json\/wp\/v2\/categories?post=1335"},{"taxonomy":"post_tag","embeddable":true,"href":"https:\/\/lavereda.com.mx\/index.php\/wp-json\/wp\/v2\/tags?post=1335"}],"curies":[{"name":"wp","href":"https:\/\/api.w.org\/{rel}","templated":true}]}}